{"id":2535,"date":"2009-06-08T10:07:57","date_gmt":"2009-06-08T14:07:57","guid":{"rendered":"http:\/\/www.redenoticia.com.br\/noticia\/?p=2535"},"modified":"2009-06-08T10:07:57","modified_gmt":"2009-06-08T14:07:57","slug":"ibge-abre-selecao-para-3500-vagas","status":"publish","type":"post","link":"https:\/\/migracao.redenoticia.com.br\/noticia\/2009\/ibge-abre-selecao-para-3500-vagas\/2535","title":{"rendered":"IBGE abre sele\u00e7\u00e3o para 3.500 vagas"},"content":{"rendered":"<p>O Instituto Brasileiro de Geografia e Estat\u00edstica abre a partir de amanh\u00e3 (9) as inscri\u00e7\u00f5es para o Processo Seletivo que oferece 3.500 vagas para agentes de pesquisas e mapeamento. H\u00e1 vagas em todos os estados para 480 munic\u00edpios. O cargo, de n\u00edvel m\u00e9dio, ter\u00e1 gratifica\u00e7\u00e3o de R$ 700,00, al\u00e9m de aux\u00edlio-alimenta\u00e7\u00e3o e aux\u00edlio transporte, assim como f\u00e9rias e 13\u00ba sal\u00e1rio. As inscri\u00e7\u00f5es podem ser feitas pela Internet (www.consulplan.net) ou atrav\u00e9s das ag\u00eancias credenciadas dos Correios em todo o Brasil (anexo 02). A taxa de inscri\u00e7\u00e3o \u00e9 de R$ 16,20.<\/p>\n<p>A jornada de trabalho ser\u00e1 de 40 horas semanais para um contrato de um ano que poder\u00e1 ser prorrogado para o mesmo per\u00edodo. Ser\u00e3o 3.325 vagas de ampla concorr\u00eancia e 175 destinadas aos portadores de necessidades especiais. A sele\u00e7\u00e3o consistir\u00e1 em uma prova objetiva, prevista para o dia 2 de agosto, de 13h \u00e0s 17h, com quest\u00f5es de l\u00edngua portuguesa, geografia, racioc\u00ednio l\u00f3gico, no\u00e7\u00f5es de inform\u00e1tica e conhecimentos gerais. O edital est\u00e1 dispon\u00edvel em <a href=\"http:\/\/www.consulplan.net\" target=\"_blank\">www.consulplan.net <\/a><\/p>\n","protected":false},"excerpt":{"rendered":"<p>O Instituto Brasileiro de Geografia e Estat\u00edstica abre a partir de amanh\u00e3 (9) as inscri\u00e7\u00f5es para o Processo Seletivo que oferece 3.500 vagas para agentes de pesquisas e mapeamento. H\u00e1 vagas em todos os estados para 480 munic\u00edpios. O cargo, de n\u00edvel m\u00e9dio, ter\u00e1 gratifica\u00e7\u00e3o de R$ 700,00, al\u00e9m de aux\u00edlio-alimenta\u00e7\u00e3o e aux\u00edlio transporte, assim [&hellip;]<\/p>\n","protected":false},"author":2,"featured_media":0,"comment_status":"open","ping_status":"open","sticky":false,"template":"","format":"standard","meta":{"tdm_status":"","tdm_grid_status":"","footnotes":""},"categories":[22],"tags":[],"class_list":{"0":"post-2535","1":"post","2":"type-post","3":"status-publish","4":"format-standard","6":"category-brasil"},"_links":{"self":[{"href":"https:\/\/migracao.redenoticia.com.br\/noticia\/wp-json\/wp\/v2\/posts\/2535","targetHints":{"allow":["GET"]}}],"collection":[{"href":"https:\/\/migracao.redenoticia.com.br\/noticia\/wp-json\/wp\/v2\/posts"}],"about":[{"href":"https:\/\/migracao.redenoticia.com.br\/noticia\/wp-json\/wp\/v2\/types\/post"}],"author":[{"embeddable":true,"href":"https:\/\/migracao.redenoticia.com.br\/noticia\/wp-json\/wp\/v2\/users\/2"}],"replies":[{"embeddable":true,"href":"https:\/\/migracao.redenoticia.com.br\/noticia\/wp-json\/wp\/v2\/comments?post=2535"}],"version-history":[{"count":0,"href":"https:\/\/migracao.redenoticia.com.br\/noticia\/wp-json\/wp\/v2\/posts\/2535\/revisions"}],"wp:attachment":[{"href":"https:\/\/migracao.redenoticia.com.br\/noticia\/wp-json\/wp\/v2\/media?parent=2535"}],"wp:term":[{"taxonomy":"category","embeddable":true,"href":"https:\/\/migracao.redenoticia.com.br\/noticia\/wp-json\/wp\/v2\/categories?post=2535"},{"taxonomy":"post_tag","embeddable":true,"href":"https:\/\/migracao.redenoticia.com.br\/noticia\/wp-json\/wp\/v2\/tags?post=2535"}],"curies":[{"name":"wp","href":"https:\/\/api.w.org\/{rel}","templated":true}]}}