{"id":2537,"date":"2009-06-08T10:09:57","date_gmt":"2009-06-08T14:09:57","guid":{"rendered":"http:\/\/www.redenoticia.com.br\/noticia\/?p=2537"},"modified":"2009-06-08T10:09:57","modified_gmt":"2009-06-08T14:09:57","slug":"dores-no-corpo-podem-ser-sintomas-da-depressao","status":"publish","type":"post","link":"https:\/\/migracao.redenoticia.com.br\/noticia\/2009\/dores-no-corpo-podem-ser-sintomas-da-depressao\/2537","title":{"rendered":"Dores no corpo podem ser sintomas da depress\u00e3o"},"content":{"rendered":"<p><span style=\"font-family: Verdana; font-size: x-small;\"><span>Voc\u00ea sabia que dores de cabe\u00e7a, nas costas ou mesmo dist\u00farbios gastrintestinais podem ser sinal de depress\u00e3o? Poucos sabem da rela\u00e7\u00e3o dos sintomas f\u00edsicos com a doen\u00e7a, que acomete 121 milh\u00f5es de pessoas em todo o mundo*. Uma pesquisa realizada com 377 pacientes indica que 72% desconhecem que dores vagas ou difusas s\u00e3o sintomas da depress\u00e3o, sendo que 30%** deles apresentam os sintomas f\u00edsicos dolorosos por mais de cinco anos antes de receberem diagn\u00f3stico apropriado.<\/span><\/span><\/p>\n<p><span style=\"font-family: Verdana; font-size: x-small;\"><span> <\/span><\/span><\/p>\n<p><span style=\"font-family: Verdana; font-size: x-small;\"><span>Quadros de depress\u00e3o como estes necessitam de tratamento que combine o al\u00edvio dos sintomas emocionais e dolorosos. \u00c9 o caso da duloxetina, uma moderna op\u00e7\u00e3o medicamentosa que age nos sintomas emocionais (tristeza, ansiedade, humor depressivo) e f\u00edsicos (fadiga, dores vagas e difusas no corpo), al\u00e9m de apresentar bom perfil de tolerabilidade, aspecto importante para uma medica\u00e7\u00e3o que geralmente necessita ser utilizada por per\u00edodos longos.<\/span><\/span><\/p>\n<p><span style=\"font-family: Verdana; font-size: small;\"><span> <\/span><\/span><\/p>\n<p><strong><span style=\"font-family: Verdana; font-size: xx-small;\"><span>Refer\u00eancias<\/span><\/span><\/strong><\/p>\n<p><span style=\"font-family: Verdana; font-size: xx-small;\"><span>* Dados da Organiza\u00e7\u00e3o Mundial da Sa\u00fade.<strong><\/strong><\/span><\/span><\/p>\n<p><strong>Sobre a depress\u00e3o<\/strong><\/p>\n<p><span style=\"font-family: Verdana; font-size: x-small;\"><span>A causa da doen\u00e7a ainda \u00e9 desconhecida, mas uma das teorias mais aceitas \u00e9 que a depress\u00e3o \u00e9 conseq\u00fc\u00eancia de uma disfun\u00e7\u00e3o no sistema nervoso central, que diminui e desequilibra as concentra\u00e7\u00f5es de dois neurotransmissores (a serotonina e a noradrenalina). Estes neurotransmissores s\u00e3o respons\u00e1veis pelo aparecimento dos sintomas f\u00edsicos e emocionais da depress\u00e3o.<\/span><\/span><\/p>\n<p><span style=\"font-family: Verdana; font-size: x-small;\"><span> <\/span><\/span><\/p>\n<p><span style=\"font-family: Verdana; font-size: x-small;\"><span>Apesar do dif\u00edcil diagn\u00f3stico e da gravidade da doen\u00e7a, existem tratamentos eficazes atualmente. Os mais comuns envolvem psicoterapia e medicamentos e, para que haja o desaparecimento completo dos sintomas, \u00e9 preciso que seja aplicado um tratamento completo. Um dos mais recentes antidepressivos, a duloxetina, tem dupla a\u00e7\u00e3o, aumentando e balanceando os n\u00edveis de serotonina e noradrenalina no c\u00e9rebro. Por isso, atua sobre os sintomas emocionais (tristeza, ansiedade, humor depressivo, perda do interesse, idea\u00e7\u00e3o suicida) e f\u00edsicos (fadiga, perda de energia, altera\u00e7\u00e3o de peso e sono, dores de cabe\u00e7a, nas costas, no pesco\u00e7o, entre outras) da doen\u00e7a, proporcionando significativa melhora na qualidade de vida do paciente. A duloxetina, um medicamento dos laborat\u00f3rios Boehringer Ingelheim e Eli Lilly, foi estudada at\u00e9 o momento em mais de 6.000 adultos com depress\u00e3o e \u00e9 comercializada em mais de 40 pa\u00edses, entre os quais Estados Unidos, M\u00e9xico, Reino Unido, Alemanha e \u00c1frica do Sul. <\/span><\/span><\/p>\n<p><span style=\"font-family: Verdana; font-size: x-small;\"><span> <\/span><\/span><\/p>\n<p><span style=\"font-family: Verdana; font-size: x-small;\"><span>\u00c9 importante ressaltar, por\u00e9m, que n\u00e3o se deve usar nenhum medicamento sem prescri\u00e7\u00e3o e rigoroso acompanhamento m\u00e9dico. Os pacientes com depress\u00e3o devem tamb\u00e9m ser encorajados a modificar seus h\u00e1bitos di\u00e1rios: realizar atividades f\u00edsicas regulares, manter um per\u00edodo satisfat\u00f3rio de sono di\u00e1rio, ter uma boa alimenta\u00e7\u00e3o e evitar o uso de subst\u00e2ncias como anorex\u00edgenos, \u00e1lcool e tabaco.<\/span><\/span><\/p>\n","protected":false},"excerpt":{"rendered":"<p>Voc\u00ea sabia que dores de cabe\u00e7a, nas costas ou mesmo dist\u00farbios gastrintestinais podem ser sinal de depress\u00e3o? Poucos sabem da rela\u00e7\u00e3o dos sintomas f\u00edsicos com a doen\u00e7a, que acomete 121 milh\u00f5es de pessoas em todo o mundo*. Uma pesquisa realizada com 377 pacientes indica que 72% desconhecem que dores vagas ou difusas s\u00e3o sintomas da [&hellip;]<\/p>\n","protected":false},"author":2,"featured_media":0,"comment_status":"open","ping_status":"open","sticky":false,"template":"","format":"standard","meta":{"tdm_status":"","tdm_grid_status":"","footnotes":""},"categories":[5],"tags":[],"class_list":{"0":"post-2537","1":"post","2":"type-post","3":"status-publish","4":"format-standard","6":"category-saude-e-vida"},"_links":{"self":[{"href":"https:\/\/migracao.redenoticia.com.br\/noticia\/wp-json\/wp\/v2\/posts\/2537","targetHints":{"allow":["GET"]}}],"collection":[{"href":"https:\/\/migracao.redenoticia.com.br\/noticia\/wp-json\/wp\/v2\/posts"}],"about":[{"href":"https:\/\/migracao.redenoticia.com.br\/noticia\/wp-json\/wp\/v2\/types\/post"}],"author":[{"embeddable":true,"href":"https:\/\/migracao.redenoticia.com.br\/noticia\/wp-json\/wp\/v2\/users\/2"}],"replies":[{"embeddable":true,"href":"https:\/\/migracao.redenoticia.com.br\/noticia\/wp-json\/wp\/v2\/comments?post=2537"}],"version-history":[{"count":0,"href":"https:\/\/migracao.redenoticia.com.br\/noticia\/wp-json\/wp\/v2\/posts\/2537\/revisions"}],"wp:attachment":[{"href":"https:\/\/migracao.redenoticia.com.br\/noticia\/wp-json\/wp\/v2\/media?parent=2537"}],"wp:term":[{"taxonomy":"category","embeddable":true,"href":"https:\/\/migracao.redenoticia.com.br\/noticia\/wp-json\/wp\/v2\/categories?post=2537"},{"taxonomy":"post_tag","embeddable":true,"href":"https:\/\/migracao.redenoticia.com.br\/noticia\/wp-json\/wp\/v2\/tags?post=2537"}],"curies":[{"name":"wp","href":"https:\/\/api.w.org\/{rel}","templated":true}]}}