{"id":2560,"date":"2009-06-08T13:13:05","date_gmt":"2009-06-08T17:13:05","guid":{"rendered":"http:\/\/www.redenoticia.com.br\/noticia\/?p=2560"},"modified":"2009-06-08T13:13:05","modified_gmt":"2009-06-08T17:13:05","slug":"mantega-pib-do-primeiro-trimestre-deve-ser-negativo","status":"publish","type":"post","link":"https:\/\/migracao.redenoticia.com.br\/noticia\/2009\/mantega-pib-do-primeiro-trimestre-deve-ser-negativo\/2560","title":{"rendered":"Mantega: PIB do primeiro trimestre deve ser negativo"},"content":{"rendered":"<p class=\"MsoNormal\"><span style=\"font-size: 11pt; font-family: Arial;\">O ministro da Fazenda, Guido Mantega, disse hoje em S\u00e3o Paulo que o resultado do Produto Interno Bruto \u2013 a soma de bens e servi\u00e7os produzidos no pa\u00eds \u2013 no primeiro trimestre do ano, a ser divulgado amanh\u00e3 (9), deve ser negativo.<\/span><\/p>\n<p class=\"MsoNormal\" style=\"line-height: 12.75pt;\"><span style=\"font-size: 11pt; font-family: Arial;\">Ele lembrou, por\u00e9m, que os n\u00fameros n\u00e3o estar\u00e3o contabilizando ainda os efeitos positivos que j\u00e1 come\u00e7am a ser sentidos na economia de iniciativas como o programa habitacional e a redu\u00e7\u00e3o do Imposto sobre Produtos Industrializados no setor automobil\u00edstico e nos produtos da chamada linha branca (geladeiras, fog\u00f5es, m\u00e1quinas de lavar).<\/span><\/p>\n<p class=\"MsoNormal\"><span style=\"font-size: 11pt; font-family: Arial;\">Segundo Mantega a economia deve crescer 1% neste ano e 4% em 2010. Ele fez a proje\u00e7\u00e3o ao participar do 5\u00ba F\u00f3rum Globonews, sob o tema \u201cA\u00e7\u00f5es Contra a Crise\u201d, que se realiza em S\u00e3o Paulo.<\/span><\/p>\n<p class=\"MsoNormal\" style=\"margin-bottom: 12pt;\"><span style=\"font-size: 11pt; font-family: Arial;\">Marli Moreira<br \/>\n<em>Rep\u00f3rter da Ag\u00eancia Brasil<\/em> <\/span><\/p>\n","protected":false},"excerpt":{"rendered":"<p>O ministro da Fazenda, Guido Mantega, disse hoje em S\u00e3o Paulo que o resultado do Produto Interno Bruto \u2013 a soma de bens e servi\u00e7os produzidos no pa\u00eds \u2013 no primeiro trimestre do ano, a ser divulgado amanh\u00e3 (9), deve ser negativo. Ele lembrou, por\u00e9m, que os n\u00fameros n\u00e3o estar\u00e3o contabilizando ainda os efeitos positivos [&hellip;]<\/p>\n","protected":false},"author":3,"featured_media":0,"comment_status":"open","ping_status":"open","sticky":false,"template":"","format":"standard","meta":{"tdm_status":"","tdm_grid_status":"","footnotes":""},"categories":[22,7],"tags":[],"class_list":{"0":"post-2560","1":"post","2":"type-post","3":"status-publish","4":"format-standard","6":"category-brasil","7":"category-economia"},"_links":{"self":[{"href":"https:\/\/migracao.redenoticia.com.br\/noticia\/wp-json\/wp\/v2\/posts\/2560","targetHints":{"allow":["GET"]}}],"collection":[{"href":"https:\/\/migracao.redenoticia.com.br\/noticia\/wp-json\/wp\/v2\/posts"}],"about":[{"href":"https:\/\/migracao.redenoticia.com.br\/noticia\/wp-json\/wp\/v2\/types\/post"}],"author":[{"embeddable":true,"href":"https:\/\/migracao.redenoticia.com.br\/noticia\/wp-json\/wp\/v2\/users\/3"}],"replies":[{"embeddable":true,"href":"https:\/\/migracao.redenoticia.com.br\/noticia\/wp-json\/wp\/v2\/comments?post=2560"}],"version-history":[{"count":0,"href":"https:\/\/migracao.redenoticia.com.br\/noticia\/wp-json\/wp\/v2\/posts\/2560\/revisions"}],"wp:attachment":[{"href":"https:\/\/migracao.redenoticia.com.br\/noticia\/wp-json\/wp\/v2\/media?parent=2560"}],"wp:term":[{"taxonomy":"category","embeddable":true,"href":"https:\/\/migracao.redenoticia.com.br\/noticia\/wp-json\/wp\/v2\/categories?post=2560"},{"taxonomy":"post_tag","embeddable":true,"href":"https:\/\/migracao.redenoticia.com.br\/noticia\/wp-json\/wp\/v2\/tags?post=2560"}],"curies":[{"name":"wp","href":"https:\/\/api.w.org\/{rel}","templated":true}]}}