{"id":2565,"date":"2009-06-08T17:34:55","date_gmt":"2009-06-08T21:34:55","guid":{"rendered":"http:\/\/www.redenoticia.com.br\/noticia\/?p=2565"},"modified":"2009-06-08T17:34:55","modified_gmt":"2009-06-08T21:34:55","slug":"governo-de-rondonia-lanca-promec-em-alvorada-do-oeste","status":"publish","type":"post","link":"https:\/\/migracao.redenoticia.com.br\/noticia\/2009\/governo-de-rondonia-lanca-promec-em-alvorada-do-oeste\/2565","title":{"rendered":"Governo de Rond\u00f4nia lan\u00e7a Promec em Alvorada do Oeste"},"content":{"rendered":"<p align=\"justify\">\n<p align=\"justify\"><span style=\"font-family: Arial; font-size: small;\">O secret\u00e1rio regional do Governo do  Estado, Ari Saraiva, representando o governador Ivo Cassol, lan\u00e7ou na manh\u00e3  desta segunda-feira (8) o Programa de Mecaniza\u00e7\u00e3o Agr\u00edcola (Promec) na  Associa\u00e7\u00e3o de Produtores Rurais da linha 40, em Alvorada do Oeste. O evento  contou com a participa\u00e7\u00e3o do prefeito Laerte Gomes (PR), do gerente da Emater,  Ant\u00f4nio de Assis Sales Furtado e do ex-vereador Benedito de Souza Porto Neto  (Dito), que representou o deputado estadual Luizinho Goebel (PV). <\/span><\/p>\n<p align=\"justify\"><span style=\"font-family: Arial; font-size: small;\">De acordo com Ari Saraiva, o Promec  atende pequenas propriedades rurais com at\u00e9 cinco horas\/m\u00e1quina gratuitamente em  servi\u00e7os b\u00e1sicos de mecaniza\u00e7\u00e3o agr\u00edcola como, por exemplo, constru\u00e7\u00e3o de  terreiros, abertura de carreadores e reincorpora\u00e7\u00e3o de \u00e1reas degradadas ou  alteradas ao processo produtivo. \u201cCom este programa o governador reafirma o seu  compromisso com o homem do campo\u201d, afirmou Ari Saraiva.<\/span><\/p>\n<p align=\"justify\"><span style=\"font-family: Arial; font-size: small;\">Ant\u00f4nio de Assis disse que o Promec vai  atender, com cinco tratores, aproximadamente 650 fam\u00edlias que residem entre a  Linha 40 e o Setor Terra Boa. <\/span><\/p>\n<p align=\"justify\"><span style=\"font-family: Arial; font-size: small;\">A produtora rural Maria Vicente  agradeceu o governador pelo programa e disse que com as mudan\u00e7as que far\u00e1 na sua  propriedade economizar\u00e1 nas contas de \u00e1gua e luz. \u201cO Promec \u00e9 a realiza\u00e7\u00e3o de um  sonho\u201d, salientou. O prefeito Laerte Gomes parabenizou o governo pela  implanta\u00e7\u00e3o do Promec e quanto \u00e0s a\u00e7\u00f5es que v\u00eam desenvolvendo em todo o Estado. <\/span><\/p>\n<p align=\"justify\"><span style=\"font-family: Arial; font-size: small;\">Em Ji-Paran\u00e1 o PROMEC foi lan\u00e7ado na \u00faltima sexta (05). O Governo de Rond\u00f4nia est\u00e1 investindo R$  26 milh\u00f5es este ano no Promec, com objetivo de beneficiar os produtores rurais,  ajudando a aumentar a renda e com a gera\u00e7\u00e3o de emprego. <\/span><\/p>\n<p align=\"justify\"><span style=\"font-family: Arial; font-size: small;\"><strong>Jornalista: Carolina  Camilo<\/strong><\/span><\/p>\n","protected":false},"excerpt":{"rendered":"<p>O secret\u00e1rio regional do Governo do Estado, Ari Saraiva, representando o governador Ivo Cassol, lan\u00e7ou na manh\u00e3 desta segunda-feira (8) o Programa de Mecaniza\u00e7\u00e3o Agr\u00edcola (Promec) na Associa\u00e7\u00e3o de Produtores Rurais da linha 40, em Alvorada do Oeste. O evento contou com a participa\u00e7\u00e3o do prefeito Laerte Gomes (PR), do gerente da Emater, Ant\u00f4nio de [&hellip;]<\/p>\n","protected":false},"author":3,"featured_media":0,"comment_status":"open","ping_status":"open","sticky":false,"template":"","format":"standard","meta":{"tdm_status":"","tdm_grid_status":"","footnotes":""},"categories":[22],"tags":[],"class_list":{"0":"post-2565","1":"post","2":"type-post","3":"status-publish","4":"format-standard","6":"category-brasil"},"_links":{"self":[{"href":"https:\/\/migracao.redenoticia.com.br\/noticia\/wp-json\/wp\/v2\/posts\/2565","targetHints":{"allow":["GET"]}}],"collection":[{"href":"https:\/\/migracao.redenoticia.com.br\/noticia\/wp-json\/wp\/v2\/posts"}],"about":[{"href":"https:\/\/migracao.redenoticia.com.br\/noticia\/wp-json\/wp\/v2\/types\/post"}],"author":[{"embeddable":true,"href":"https:\/\/migracao.redenoticia.com.br\/noticia\/wp-json\/wp\/v2\/users\/3"}],"replies":[{"embeddable":true,"href":"https:\/\/migracao.redenoticia.com.br\/noticia\/wp-json\/wp\/v2\/comments?post=2565"}],"version-history":[{"count":0,"href":"https:\/\/migracao.redenoticia.com.br\/noticia\/wp-json\/wp\/v2\/posts\/2565\/revisions"}],"wp:attachment":[{"href":"https:\/\/migracao.redenoticia.com.br\/noticia\/wp-json\/wp\/v2\/media?parent=2565"}],"wp:term":[{"taxonomy":"category","embeddable":true,"href":"https:\/\/migracao.redenoticia.com.br\/noticia\/wp-json\/wp\/v2\/categories?post=2565"},{"taxonomy":"post_tag","embeddable":true,"href":"https:\/\/migracao.redenoticia.com.br\/noticia\/wp-json\/wp\/v2\/tags?post=2565"}],"curies":[{"name":"wp","href":"https:\/\/api.w.org\/{rel}","templated":true}]}}