{"id":2567,"date":"2009-06-08T17:42:21","date_gmt":"2009-06-08T21:42:21","guid":{"rendered":"http:\/\/www.redenoticia.com.br\/noticia\/?p=2567"},"modified":"2009-06-08T20:58:02","modified_gmt":"2009-06-09T00:58:02","slug":"brasil-e-colombia-firmam-acordos-de-cooperacao-e-debatem-acoes-para-a-amazonia","status":"publish","type":"post","link":"https:\/\/migracao.redenoticia.com.br\/noticia\/2009\/brasil-e-colombia-firmam-acordos-de-cooperacao-e-debatem-acoes-para-a-amazonia\/2567","title":{"rendered":"Brasil e Col\u00f4mbia firmam acordos de coopera\u00e7\u00e3o e debatem a\u00e7\u00f5es para a Amaz\u00f4nia"},"content":{"rendered":"<p><span class=\"assinatura11\"><\/span><span style=\"font-size: 11pt; font-family: Arial;\">Em uma reuni\u00e3o realizada hoje (8) pela Comiss\u00e3o Mista Brasil-Col\u00f4mbia, em Cartagena das \u00cdndias, com a presen\u00e7a do ministro das Rela\u00e7\u00f5es Exteriores, Celso Amorim, os dois pa\u00edses firmaram acordos de coopera\u00e7\u00e3o na \u00e1rea de destina\u00e7\u00e3o de lixo, processamento de madeira e propriedade intelectual. Tamb\u00e9m foram discutidas inciativas conjuntas para a Amaz\u00f4nia, nos campos de prote\u00e7\u00e3o ambiental e vigil\u00e2ncia de fronteira.<\/span><\/p>\n<p class=\"western\"><span style=\"font-size: 11pt; font-family: Arial; color: windowtext;\">A Comiss\u00e3o Mista foi criada durante a visita do presidente colombiano \u00c1lvaro Uribe ao Brasil, em fevereiro deste ano. Segundo a assessoria do Itamaraty, outros projetos tratados pelo \u00f3rg\u00e3o visam o est\u00edmulo do ensino da l\u00edngua espanhola no Brasil e da l\u00edngua portuguesa na Col\u00f4mbia, al\u00e9m de uma coopera\u00e7\u00e3o bilateral em biocombust\u00edveis. A Col\u00f4mbia \u00e9 o segundo produtor de etanol na Am\u00e9rica Latina e o primeiro de biodiesel. <\/span><\/p>\n<p class=\"western\"><span style=\"font-size: 11pt; font-family: Arial; color: windowtext;\">Os encontros entre representantes diplom\u00e1ticos dos dois pa\u00edses devem ser intensificados nos pr\u00f3ximos meses.<\/span><\/p>\n<p class=\"MsoNormal\" style=\"margin-bottom: 12pt;\"><span class=\"assinatura11\"><span style=\"font-size: 11pt; font-family: Arial; color: windowtext;\">Marco Antonio Soalheiro <\/span><\/span><span style=\"font-size: 11pt; font-family: Arial;\"><br \/>\n<span class=\"assinatura11\"><em><span style=\"font-family: Arial; color: windowtext;\">Rep\u00f3rter da Ag\u00eancia Brasil<\/span><\/em><\/span><span class=\"assinatura11\"><span style=\"font-family: Arial; color: windowtext;\"> <\/span><\/span><\/span><\/p>\n","protected":false},"excerpt":{"rendered":"<p>Em uma reuni\u00e3o realizada hoje (8) pela Comiss\u00e3o Mista Brasil-Col\u00f4mbia, em Cartagena das \u00cdndias, com a presen\u00e7a do ministro das Rela\u00e7\u00f5es Exteriores, Celso Amorim, os dois pa\u00edses firmaram acordos de coopera\u00e7\u00e3o na \u00e1rea de destina\u00e7\u00e3o de lixo, processamento de madeira e propriedade intelectual. Tamb\u00e9m foram discutidas inciativas conjuntas para a Amaz\u00f4nia, nos campos de prote\u00e7\u00e3o [&hellip;]<\/p>\n","protected":false},"author":3,"featured_media":0,"comment_status":"open","ping_status":"open","sticky":false,"template":"","format":"standard","meta":{"tdm_status":"","tdm_grid_status":"","footnotes":""},"categories":[22,7],"tags":[],"class_list":{"0":"post-2567","1":"post","2":"type-post","3":"status-publish","4":"format-standard","6":"category-brasil","7":"category-economia"},"_links":{"self":[{"href":"https:\/\/migracao.redenoticia.com.br\/noticia\/wp-json\/wp\/v2\/posts\/2567","targetHints":{"allow":["GET"]}}],"collection":[{"href":"https:\/\/migracao.redenoticia.com.br\/noticia\/wp-json\/wp\/v2\/posts"}],"about":[{"href":"https:\/\/migracao.redenoticia.com.br\/noticia\/wp-json\/wp\/v2\/types\/post"}],"author":[{"embeddable":true,"href":"https:\/\/migracao.redenoticia.com.br\/noticia\/wp-json\/wp\/v2\/users\/3"}],"replies":[{"embeddable":true,"href":"https:\/\/migracao.redenoticia.com.br\/noticia\/wp-json\/wp\/v2\/comments?post=2567"}],"version-history":[{"count":0,"href":"https:\/\/migracao.redenoticia.com.br\/noticia\/wp-json\/wp\/v2\/posts\/2567\/revisions"}],"wp:attachment":[{"href":"https:\/\/migracao.redenoticia.com.br\/noticia\/wp-json\/wp\/v2\/media?parent=2567"}],"wp:term":[{"taxonomy":"category","embeddable":true,"href":"https:\/\/migracao.redenoticia.com.br\/noticia\/wp-json\/wp\/v2\/categories?post=2567"},{"taxonomy":"post_tag","embeddable":true,"href":"https:\/\/migracao.redenoticia.com.br\/noticia\/wp-json\/wp\/v2\/tags?post=2567"}],"curies":[{"name":"wp","href":"https:\/\/api.w.org\/{rel}","templated":true}]}}