{"id":25731,"date":"2010-04-07T16:40:44","date_gmt":"2010-04-07T20:40:44","guid":{"rendered":"http:\/\/www.redenoticia.com.br\/noticia\/?p=25731"},"modified":"2010-04-07T16:40:44","modified_gmt":"2010-04-07T20:40:44","slug":"fundacao-telefonica-abre-inscricoes-para-o-6%c2%ba-concurso-causos-do-eca","status":"publish","type":"post","link":"https:\/\/migracao.redenoticia.com.br\/noticia\/2010\/fundacao-telefonica-abre-inscricoes-para-o-6%c2%ba-concurso-causos-do-eca\/25731","title":{"rendered":"Funda\u00e7\u00e3o Telef\u00f4nica abre inscri\u00e7\u00f5es para o 6\u00ba Concurso Causos do ECA"},"content":{"rendered":"<p>A partir de hoje (7) est\u00e3o abertas as inscri\u00e7\u00f5es para o 6\u00ba Concurso Causos do ECA, promovido pela Funda\u00e7\u00e3o Telef\u00f4nica, atrav\u00e9s do Portal Pr\u00f3-Menino.\u00a0 O concurso, aberto a todos, pretende mostrar como a aplica\u00e7\u00e3o do Estatuto da Crian\u00e7a e do Adolescente (ECA) impactou positivamente a vida de crian\u00e7as e adolescentes, gerando transforma\u00e7\u00e3o social. As hist\u00f3rias podem ser inscritas at\u00e9 7 de junho pela Internet, no endere\u00e7o <a href=\"http:\/\/www.promenino.org.br\" target=\"_blank\">www.promenino.org.br<\/a>.<\/p>\n<p>O concurso premiar\u00e1 \u201ccausos\u201d em duas categorias: \u201cECA como instrumento de Transforma\u00e7\u00e3o\u201d, voltada para a divulga\u00e7\u00e3o de experi\u00eancias gerais em que a aplica\u00e7\u00e3o do ECA tenha transformado a vida de crian\u00e7as e adolescentes; e \u201cECA na Escola\u201d, que prioriza a a\u00e7\u00e3o da escola, e \u00e9 destinada a promover hist\u00f3rias em que o estatuto tenha sido determinante para mudar uma situa\u00e7\u00e3o na comunidade escolar.<\/p>\n<p>Ser\u00e3o premiados os tr\u00eas primeiros colocados de cada categoria. Assim, ser\u00e1 concedido pr\u00eamio de R$ 15 mil para os primeiros colocados; de R$ 10 mil, para os segundos e de R$ 5 mil para os terceiros lugares. Pela primeira vez, neste ano, haver\u00e1 uma premia\u00e7\u00e3o por J\u00fari Popular. A vota\u00e7\u00e3o ser\u00e1 realizada atrav\u00e9s do Portal Pr\u00f3-Menino e a hist\u00f3ria vencedora receber\u00e1 R$ 10 mil.<\/p>\n<p>A escolha das 20 hist\u00f3rias finlistas se dar\u00e1 por um corpo de jurados formado por pessoas atuantes na \u00e1rea da inf\u00e2ncia e juventude, da Andi (Ag\u00eancia de Not\u00edcias dos Direitos da Inf\u00e2ncia) e da \u00e1rea de literatura. Dentre elas, quatro ser\u00e3o escolhidas pela coordena\u00e7\u00e3o do concurso para servirem de roteiro para a grava\u00e7\u00e3o de curtas-metragens, a serem lan\u00e7ados durante o evento de premia\u00e7\u00e3o, previsto para novembro. Os \u201ccausos\u201d finalistas ser\u00e3o veiculados em uma publica\u00e7\u00e3o impressa e outra em meio digital.<\/p>\n<p>A quinta edi\u00e7\u00e3o do concurso, realizada em 2009, registrou um total de 784 trabalhos inscritos e participa\u00e7\u00e3o de todos os Estados brasileiros. Os \u201ccausos\u201d abordaram diversos temas, como abandono e neglig\u00eancia, atos infracionais, medidas s\u00f3cio-educativas, precariedade da situa\u00e7\u00e3o familiar, inclus\u00e3o escolar, viol\u00eancia dom\u00e9stica e protagonismo juvenil.<\/p>\n<p>O concurso Causos do ECA \u00e9 uma iniciativa da Funda\u00e7\u00e3o Telef\u00f4nica e \u00e9 desenvolvido em parceria com a Andi e com o Ceats (Centro de Empreendedorismo Social e Administra\u00e7\u00e3o em Terceiro Setor), da FIA (Funda\u00e7\u00e3o Instituto de Administra\u00e7\u00e3o). O concurso conta com o apoio da Lei Rouanet de Incentivo \u00e0 Cultura.<\/p>\n<p><strong>Sobre a Funda\u00e7\u00e3o Telef\u00f4nica<\/strong><\/p>\n<p>A Funda\u00e7\u00e3o Telef\u00f4nica gerencia a maior parte da A\u00e7\u00e3o Social e Cultural do Grupo Telef\u00f4nica no mundo, demonstrando o compromisso da empresa com as sociedades junto \u00e0s quais atua. A institui\u00e7\u00e3o est\u00e1 presente na Argentina, Brasil, Chile, Col\u00f4mbia, Espanha, M\u00e9xico, Peru, Equador e Venezuela e tamb\u00e9m desenvolve programas junto a operadoras locais da Telef\u00f4nica em El Salvador, Guatemala, Nicar\u00e1gua, Panam\u00e1 e Uruguai. No Brasil, foi criada em 1999 e atua para o desenvolvimento social, atrav\u00e9s da consolida\u00e7\u00e3o dos direitos das crian\u00e7as e dos adolescentes. Desde o in\u00edcio de sua atua\u00e7\u00e3o, mais de 500 mil pessoas j\u00e1 foram beneficiadas direta ou indiretamente pelos projetos que desenvolve, por meio dos programas EducaRede,\u00a0 Pr\u00f3-Menino, Arte e Tecnologia e Volunt\u00e1rios Telef\u00f4nica.<\/p>\n","protected":false},"excerpt":{"rendered":"<p>A partir de hoje (7) est\u00e3o abertas as inscri\u00e7\u00f5es para o 6\u00ba Concurso Causos do ECA, promovido pela Funda\u00e7\u00e3o Telef\u00f4nica, atrav\u00e9s do Portal Pr\u00f3-Menino.\u00a0 O concurso, aberto a todos, pretende mostrar como a aplica\u00e7\u00e3o do Estatuto da Crian\u00e7a e do Adolescente (ECA) impactou positivamente a vida de crian\u00e7as e adolescentes, gerando transforma\u00e7\u00e3o social. As hist\u00f3rias [&hellip;]<\/p>\n","protected":false},"author":2,"featured_media":0,"comment_status":"open","ping_status":"open","sticky":false,"template":"","format":"standard","meta":{"tdm_status":"","tdm_grid_status":"","footnotes":""},"categories":[370,353],"tags":[],"class_list":{"0":"post-25731","1":"post","2":"type-post","3":"status-publish","4":"format-standard","6":"category-inscricao","7":"category-oportunidades"},"_links":{"self":[{"href":"https:\/\/migracao.redenoticia.com.br\/noticia\/wp-json\/wp\/v2\/posts\/25731","targetHints":{"allow":["GET"]}}],"collection":[{"href":"https:\/\/migracao.redenoticia.com.br\/noticia\/wp-json\/wp\/v2\/posts"}],"about":[{"href":"https:\/\/migracao.redenoticia.com.br\/noticia\/wp-json\/wp\/v2\/types\/post"}],"author":[{"embeddable":true,"href":"https:\/\/migracao.redenoticia.com.br\/noticia\/wp-json\/wp\/v2\/users\/2"}],"replies":[{"embeddable":true,"href":"https:\/\/migracao.redenoticia.com.br\/noticia\/wp-json\/wp\/v2\/comments?post=25731"}],"version-history":[{"count":0,"href":"https:\/\/migracao.redenoticia.com.br\/noticia\/wp-json\/wp\/v2\/posts\/25731\/revisions"}],"wp:attachment":[{"href":"https:\/\/migracao.redenoticia.com.br\/noticia\/wp-json\/wp\/v2\/media?parent=25731"}],"wp:term":[{"taxonomy":"category","embeddable":true,"href":"https:\/\/migracao.redenoticia.com.br\/noticia\/wp-json\/wp\/v2\/categories?post=25731"},{"taxonomy":"post_tag","embeddable":true,"href":"https:\/\/migracao.redenoticia.com.br\/noticia\/wp-json\/wp\/v2\/tags?post=25731"}],"curies":[{"name":"wp","href":"https:\/\/api.w.org\/{rel}","templated":true}]}}