{"id":2580,"date":"2009-06-08T20:43:08","date_gmt":"2009-06-09T00:43:08","guid":{"rendered":"http:\/\/www.redenoticia.com.br\/noticia\/?p=2580"},"modified":"2009-06-08T22:10:12","modified_gmt":"2009-06-09T02:10:12","slug":"pec-dos-vereadores-devera-abrir-discussoes-na-ccj","status":"publish","type":"post","link":"https:\/\/migracao.redenoticia.com.br\/noticia\/2009\/pec-dos-vereadores-devera-abrir-discussoes-na-ccj\/2580","title":{"rendered":"PEC dos Vereadores dever\u00e1 abrir discuss\u00f5es na CCJ"},"content":{"rendered":"<p class=\"MsoNormal\"><strong><\/strong><span style=\"font-family: Arial;\">&#8220;PEC dos Vereadores&#8221; poder\u00e1 definir novas faixas de despesa. A pol\u00eamica Proposta de Emenda \u00e0 Constitui\u00e7\u00e3o (<a href=\"http:\/\/www.senado.gov.br\/sf\/atividade\/materia\/detalhes.asp?p_cod_mate=88892\" target=\"_blank\"><span style=\"color: windowtext;\">PEC 47\/08<\/span><\/a>) que modifica os limites de gastos dos munic\u00edpios com o Poder Legislativo, chamada de &#8220;PEC dos Vereadores&#8221;, dever\u00e1 abrir as discuss\u00f5es na Comiss\u00e3o de Constitui\u00e7\u00e3o, Justi\u00e7a e Cidadania (CCJ) nesta quarta-feira (10). A mat\u00e9ria voltou \u00e0 comiss\u00e3o por conta da apresenta\u00e7\u00e3o de duas emendas em Plen\u00e1rio, de autoria dos senadores Tasso Jereissati (PSDB-CE) e Paulo Duque (PMDB-RJ), que alteram os percentuais de despesa das c\u00e2maras municipais definidos em fun\u00e7\u00e3o do n\u00famero de habitantes. A PEC 47\/08 \u00e9 de iniciativa do senador C\u00e9sar Borges (PR-BA) e tem o senador Valter Pereira (PMDB-MS) como relator. <\/span><\/p>\n<p><span style=\"font-family: Arial;\">A emenda de Jereissati amplia de quatro para oito o n\u00famero de faixas com percentuais de gastos das c\u00e2maras de vereadores. Na primeira delas, reduz em um ponto percentual (de 8% para 7%) o limite de despesa para munic\u00edpios com at\u00e9 100 mil habitantes. Atualmente, a Constitui\u00e7\u00e3o estabelece como teto desses gastos 5% para todos os munic\u00edpios com popula\u00e7\u00e3o acima de 500 mil habitantes. A altera\u00e7\u00e3o proposta pelo senador pelo Cear\u00e1 faz um escalonamento maior, definindo a \u00faltima faixa de despesas do Legislativo municipal em 2% para munic\u00edpios com mais de nove milh\u00f5es de habitantes. <\/span><\/p>\n<p><span style=\"font-family: Arial;\">Quanto \u00e0 emenda de Paulo Duque, mant\u00e9m as quatro faixas, mas altera os percentuais de despesa e o contingente populacional que norteia sua limita\u00e7\u00e3o. Assim, a primeira faixa sofre uma redu\u00e7\u00e3o em dois pontos percentuais (de 8% para 6%) no limite de gastos para munic\u00edpios com at\u00e9 100 mil habitantes. Para a \u00faltima, estipula um teto de 3% para munic\u00edpios com popula\u00e7\u00e3o superior a oito milh\u00f5es habitantes. O peemedebista tamb\u00e9m pretende mudar o referencial de c\u00e1lculo das despesas do Legislativo municipal, que deixaria de estar amparado no somat\u00f3rio da receita tribut\u00e1ria e das transfer\u00eancias constitucionais para tomar como limite a Receita Corrente L\u00edquida (RCL).\u00a0<strong> <\/strong><\/span><\/p>\n<p><span style=\"font-size: 8pt; font-family: Arial;\">Simone Franco, Rita Nardelli e Gorette Brand\u00e3o \/ Ag\u00eancia Senado<\/span><span style=\"font-family: Arial;\"><\/span><\/p>\n<p><span style=\"font-family: Arial;\"> <\/span><\/p>\n<p class=\"MsoNormal\"><span style=\"font-family: Arial;\"> <\/span><\/p>\n","protected":false},"excerpt":{"rendered":"<p>&#8220;PEC dos Vereadores&#8221; poder\u00e1 definir novas faixas de despesa. A pol\u00eamica Proposta de Emenda \u00e0 Constitui\u00e7\u00e3o (PEC 47\/08) que modifica os limites de gastos dos munic\u00edpios com o Poder Legislativo, chamada de &#8220;PEC dos Vereadores&#8221;, dever\u00e1 abrir as discuss\u00f5es na Comiss\u00e3o de Constitui\u00e7\u00e3o, Justi\u00e7a e Cidadania (CCJ) nesta quarta-feira (10). A mat\u00e9ria voltou \u00e0 comiss\u00e3o [&hellip;]<\/p>\n","protected":false},"author":3,"featured_media":0,"comment_status":"open","ping_status":"open","sticky":false,"template":"","format":"standard","meta":{"tdm_status":"","tdm_grid_status":"","footnotes":""},"categories":[22],"tags":[],"class_list":{"0":"post-2580","1":"post","2":"type-post","3":"status-publish","4":"format-standard","6":"category-brasil"},"_links":{"self":[{"href":"https:\/\/migracao.redenoticia.com.br\/noticia\/wp-json\/wp\/v2\/posts\/2580","targetHints":{"allow":["GET"]}}],"collection":[{"href":"https:\/\/migracao.redenoticia.com.br\/noticia\/wp-json\/wp\/v2\/posts"}],"about":[{"href":"https:\/\/migracao.redenoticia.com.br\/noticia\/wp-json\/wp\/v2\/types\/post"}],"author":[{"embeddable":true,"href":"https:\/\/migracao.redenoticia.com.br\/noticia\/wp-json\/wp\/v2\/users\/3"}],"replies":[{"embeddable":true,"href":"https:\/\/migracao.redenoticia.com.br\/noticia\/wp-json\/wp\/v2\/comments?post=2580"}],"version-history":[{"count":0,"href":"https:\/\/migracao.redenoticia.com.br\/noticia\/wp-json\/wp\/v2\/posts\/2580\/revisions"}],"wp:attachment":[{"href":"https:\/\/migracao.redenoticia.com.br\/noticia\/wp-json\/wp\/v2\/media?parent=2580"}],"wp:term":[{"taxonomy":"category","embeddable":true,"href":"https:\/\/migracao.redenoticia.com.br\/noticia\/wp-json\/wp\/v2\/categories?post=2580"},{"taxonomy":"post_tag","embeddable":true,"href":"https:\/\/migracao.redenoticia.com.br\/noticia\/wp-json\/wp\/v2\/tags?post=2580"}],"curies":[{"name":"wp","href":"https:\/\/api.w.org\/{rel}","templated":true}]}}