{"id":25953,"date":"2010-04-11T19:12:53","date_gmt":"2010-04-11T23:12:53","guid":{"rendered":"http:\/\/www.redenoticia.com.br\/noticia\/?p=25953"},"modified":"2010-04-11T19:12:53","modified_gmt":"2010-04-11T23:12:53","slug":"fundacao-crianca-disponibiliza-servico-para-criancas-e-adolescentes-desaparecidos","status":"publish","type":"post","link":"https:\/\/migracao.redenoticia.com.br\/noticia\/2010\/fundacao-crianca-disponibiliza-servico-para-criancas-e-adolescentes-desaparecidos\/25953","title":{"rendered":"Funda\u00e7\u00e3o Crian\u00e7a disponibiliza servi\u00e7o para crian\u00e7as e adolescentes desaparecidos"},"content":{"rendered":"<p>A Funda\u00e7\u00e3o Crian\u00e7a de S\u00e3o Bernardo do Campo disponibiliza o servi\u00e7o de Atendimento de Suporte Psicossocial \u00e0s fam\u00edlias com crian\u00e7as ou adolescentes desaparecidos. O programa foi implantado em 2006 e hoje a Prefeitura atende todos os casos de desaparecimento registrados nas delegacias do munic\u00edpio. At\u00e9 agora j\u00e1 foram registrados 678 boletins de ocorr\u00eancia desta natureza. Neste m\u00eas, nove casos est\u00e3o sendo acompanhados pela entidade.<\/p>\n<p>Dados da Funda\u00e7\u00e3o Crian\u00e7a apontam que cerca de 60% dos casos de desaparecidos s\u00e3o de meninas, com maior incid\u00eancia dos 13 aos 16 anos. As delegacias com maior incid\u00eancia de ocorr\u00eancias s\u00e3o o 3\u00ba DP (Assun\u00e7\u00e3o), 1\u00ba DP (Centro) e 6\u00ba DP (Baeta Neves).<\/p>\n<p>A partir dos boletins de ocorr\u00eancia fornecidos semanalmente pela Delegacia Seccional de S\u00e3o Bernardo, as fam\u00edlias s\u00e3o identificadas pela equipe da Funda\u00e7\u00e3o Crian\u00e7a e recebem o aux\u00edlio necess\u00e1rio, como suporte psicossocial por telefone ou pessoalmente. &#8220;Al\u00e9m de ajudar a fam\u00edlia a baixar a ansiedade e a ter clareza da situa\u00e7\u00e3o vivida, procuramos entender o motivo do desaparecimento, que pode ser causado por problemas como aus\u00eancia de di\u00e1logo ou viol\u00eancia dom\u00e9stica f\u00edsica, psicol\u00f3gica ou sexual&#8221;, explica a educadora social Vania Brito Caires, respons\u00e1vel pela Pol\u00edtica de Atendimento de casos em situa\u00e7\u00e3o de desaparecimento.<\/p>\n<p>Outro servi\u00e7o dispon\u00edvel \u00e9 a divulga\u00e7\u00e3o da foto da pessoa desaparecida por meio de cartazes, sites especializados e demais meios de divulga\u00e7\u00e3o adequados para a situa\u00e7\u00e3o. Segundo a educadora, n\u00e3o \u00e9 aconselh\u00e1vel fazer correntes na internet, pois por n\u00e3o se ter controle da situa\u00e7\u00e3o, mesmo ap\u00f3s encontrada a crian\u00e7a ou adolescente pode continuar sendo dada como desaparecida.<\/p>\n<p>Para facilitar o processo de identifica\u00e7\u00e3o quando a pessoa \u00e9 encontrada, a Funda\u00e7\u00e3o Crian\u00e7a possui uma parceria com o projeto Caminho de Volta, da Faculdade de Medicina da Universidade de S\u00e3o Paulo (USP), onde \u00e9 feita a inclus\u00e3o dos dados gen\u00e9ticos em um banco de DNA. A coleta \u00e9 realizada na pr\u00f3pria unidade por amostragens de sangue ou saliva.<\/p>\n<p>Outra medida \u00e9 o envelhecimento digital, feito em parceria com o Servi\u00e7o de Investiga\u00e7\u00e3o de Crian\u00e7as Desaparecidas (Secride). &#8220;Utilizamos este procedimento quando a pessoa est\u00e1 desaparecida h\u00e1 anos e o paradeiro \u00e9 totalmente desconhecido. Com o m\u00e9todo, temos a oportunidade de divulgar uma foto da pessoa de como ela est\u00e1 atualmente&#8221;, explica o coordenador de projetos da Funda\u00e7\u00e3o Crian\u00e7a, Andr\u00e9 F\u00e9lix Portela Leite, que desenvolve pesquisa de indicadores sociais.<\/p>\n<p>Nos casos em que a crian\u00e7a ou adolescente retorna para a resid\u00eancia, a Funda\u00e7\u00e3o Crian\u00e7a realiza uma avalia\u00e7\u00e3o sobre o que motivou o desaparecimento e encaminha para programas sociais da unidade ou da Rede Municipal de Assist\u00eancia. Entre os programas dispon\u00edveis est\u00e3o o de apoio \u00e0 fam\u00edlia, erradica\u00e7\u00e3o do trabalho infantil e atendimento \u00e0 comunidade com a\u00e7\u00f5es socioeducativas de arte, cultura e lazer. O respons\u00e1vel pela crian\u00e7a ou adolescente deve procurar a delegacia para dar baixa do boletim de ocorr\u00eancia.<\/p>\n<p>A respons\u00e1vel pelo servi\u00e7o ressalta a import\u00e2ncia da cria\u00e7\u00e3o de uma delegacia especializada para prote\u00e7\u00e3o da crian\u00e7a e adolescente em S\u00e3o Bernardo. &#8220;Isso permitiria uma estrutura diferenciada no atendimento desses jovens. Uma equipe multiprofissional supriria todas as demandas&#8221;, afirma.<\/p>\n<p>Em situa\u00e7\u00f5es de desaparecimento, \u00e9 necess\u00e1rio ir at\u00e9 a delegacia mais pr\u00f3xima e fazer um boletim de ocorr\u00eancia, n\u00e3o sendo preciso esperar 24 horas. A pr\u00f3pria delegacia ou respons\u00e1vel deve notificar o caso no Conselho Tutelar. O servi\u00e7o de Atendimento de Suporte Psicossocial da Funda\u00e7\u00e3o Crian\u00e7a est\u00e1 dispon\u00edvel de segunda a sexta-feira, das 8h \u00e0s 17h. Mais informa\u00e7\u00f5es pelos telefones 4356-6187 ou 0800-7730063.<\/p>\n<p><a href=\"http:\/\/www.fundacaocrianca.org.br\/\" target=\"_blank\">www.fundacaocrianca.org.br<\/a><\/p>\n","protected":false},"excerpt":{"rendered":"<p>A Funda\u00e7\u00e3o Crian\u00e7a de S\u00e3o Bernardo do Campo disponibiliza o servi\u00e7o de Atendimento de Suporte Psicossocial \u00e0s fam\u00edlias com crian\u00e7as ou adolescentes desaparecidos. O programa foi implantado em 2006 e hoje a Prefeitura atende todos os casos de desaparecimento registrados nas delegacias do munic\u00edpio. At\u00e9 agora j\u00e1 foram registrados 678 boletins de ocorr\u00eancia desta natureza. [&hellip;]<\/p>\n","protected":false},"author":2,"featured_media":0,"comment_status":"open","ping_status":"open","sticky":false,"template":"","format":"standard","meta":{"tdm_status":"","tdm_grid_status":"","footnotes":""},"categories":[22],"tags":[],"class_list":{"0":"post-25953","1":"post","2":"type-post","3":"status-publish","4":"format-standard","6":"category-brasil"},"_links":{"self":[{"href":"https:\/\/migracao.redenoticia.com.br\/noticia\/wp-json\/wp\/v2\/posts\/25953","targetHints":{"allow":["GET"]}}],"collection":[{"href":"https:\/\/migracao.redenoticia.com.br\/noticia\/wp-json\/wp\/v2\/posts"}],"about":[{"href":"https:\/\/migracao.redenoticia.com.br\/noticia\/wp-json\/wp\/v2\/types\/post"}],"author":[{"embeddable":true,"href":"https:\/\/migracao.redenoticia.com.br\/noticia\/wp-json\/wp\/v2\/users\/2"}],"replies":[{"embeddable":true,"href":"https:\/\/migracao.redenoticia.com.br\/noticia\/wp-json\/wp\/v2\/comments?post=25953"}],"version-history":[{"count":0,"href":"https:\/\/migracao.redenoticia.com.br\/noticia\/wp-json\/wp\/v2\/posts\/25953\/revisions"}],"wp:attachment":[{"href":"https:\/\/migracao.redenoticia.com.br\/noticia\/wp-json\/wp\/v2\/media?parent=25953"}],"wp:term":[{"taxonomy":"category","embeddable":true,"href":"https:\/\/migracao.redenoticia.com.br\/noticia\/wp-json\/wp\/v2\/categories?post=25953"},{"taxonomy":"post_tag","embeddable":true,"href":"https:\/\/migracao.redenoticia.com.br\/noticia\/wp-json\/wp\/v2\/tags?post=25953"}],"curies":[{"name":"wp","href":"https:\/\/api.w.org\/{rel}","templated":true}]}}