{"id":25965,"date":"2010-04-11T19:35:28","date_gmt":"2010-04-11T23:35:28","guid":{"rendered":"http:\/\/www.redenoticia.com.br\/noticia\/?p=25965"},"modified":"2010-04-11T19:35:28","modified_gmt":"2010-04-11T23:35:28","slug":"em-reuniao-do-pdt-acir-gurgacz-confirma-sua-pre-candidato-ao-governo-do-estado-de-rondonia","status":"publish","type":"post","link":"https:\/\/migracao.redenoticia.com.br\/noticia\/2010\/em-reuniao-do-pdt-acir-gurgacz-confirma-sua-pre-candidato-ao-governo-do-estado-de-rondonia\/25965","title":{"rendered":"Em reuni\u00e3o do PDT Acir Gurgacz confirma sua pr\u00e9-candidato ao Governo do Estado de Rond\u00f4nia"},"content":{"rendered":"<p>Senador <strong>Acir Gurgacz<\/strong> (PDT RO) confirma sua pr\u00e9-candidatura ao governo do Estado na reuni\u00e3o acontecida na tarde do \u00faltimo s\u00e1bado na cidade de <strong>Ji-Paran\u00e1<\/strong>, no audit\u00f3rio da Eucatur, entre os pr\u00e9-candidatos do PDT aos cargos eletivos de deputado estadual, deputado federal e senador.<\/p>\n<p>A Executiva Regional\u00a0\u00a0coordenou a reuni\u00e3o\u00a0\u00a0e os trabalhos foram conduzidos pelo senador Acir Gurgacz , presidente do \u00f3rg\u00e3o partid\u00e1rio.<\/p>\n<p>A reuni\u00e3o, como disse o vice-presidente da Regional, Ruy Motta, foi de trabalho e a primeira, nesse ano, para discutir m\u00e9todos de organiza\u00e7\u00e3o da milit\u00e2ncia partid\u00e1ria visando o melhor resultado poss\u00edvel nas elei\u00e7\u00f5es de 2010.<\/p>\n<p>Na ocasi\u00e3o foram proferidas tr\u00eas palestras, todas visando dotar os pr\u00e9-candidatos de conhecimento necess\u00e1rio para administrar e conduzir suas campanhas sem problemas com a legisla\u00e7\u00e3o eleitoral.\u00a0\u00a0O contador Valdo Alves palestrou sobre a presta\u00e7\u00e3o de contas de campanha; Rodrigo Nogueira sobre registro de filia\u00e7\u00e3o partid\u00e1ria e sistema de registro de \u00f3rg\u00e3os partid\u00e1rios e Marli Rosa Mendon\u00e7a falou sobre a parte jur\u00eddica que rege uma campanha e a documenta\u00e7\u00e3o necess\u00e1ria para que o cidad\u00e3o possa se candidatar.<\/p>\n<p>Foi ent\u00e3o a vez do senador Acir Gurgacz fazer seu pronunciamento de encerramento da reuni\u00e3o. Come\u00e7ou sua fala defendendo o PAC 2 do presidente Lula, explicando, que parte das obras do PAC 1 n\u00e3o foram realizadas principalmente por falta de projetos e falta de licen\u00e7a ambiental\u00a0\u00a0e outras poss\u00edveis licen\u00e7as necess\u00e1rias para se tocar uma obra, enquanto que no PAC 2\u00a0\u00a0os projetos j\u00e1 est\u00e3o elaborados e as licen\u00e7as necess\u00e1rias para realizar as obras j\u00e1 concedidas.<\/p>\n<p>Mas os ouvintes\u00a0\u00a0que depois de 3 horas seguidas de reuni\u00e3o continuavam atentos ao que o Senador falava, n\u00e3o estava interessada em saber dos objetivos do PAC 2 do presidente Lula , todos queriam era ouvir da boca de Acir Gurgacz se realmente ele era ou n\u00e3o pr\u00e9-candidato ao Governo do Estado de Rond\u00f4nia. Diante da pergunta de um dos pr\u00e9-candidatos presente, o Senador ent\u00e3o entrou no assunto esperado. Fez um pequeno relato sobre sua trajet\u00f3ria na pol\u00edtica partid\u00e1ria e chegou ent\u00e3o a seguinte conclus\u00e3o \u2013 Nesse momento n\u00e3o posso dar um passo errado sob pena de prejudicar principalmente o PDT em Rond\u00f4nia.<\/p>\n<p>Continuando Acir Gurgacz disse que est\u00e1 estudando, analisando e conversando muito com todos os partidos pol\u00edticos para ent\u00e3o chegar a um ponto em que sua decis\u00e3o seja coerente com o momento pol\u00edtico , sem precipita\u00e7\u00e3o.<\/p>\n<p>Na parte final do seu pronunciamento Acir Gurgacz fez quest\u00e3o de ressaltar o que foi seu tema naquela tarde de s\u00e1bado \u2013 a necessidade do planejamento para se governar. Pegando esse \u201cgancho\u201d, o Senador disse que se faz necess\u00e1rio com urg\u00eancia &#8211; devido o momento social e econ\u00f4mico pelo qual estamos passando &#8211;\u00a0\u00a0um grande projeto para Rond\u00f4nia, com planos de metas estabelecidos e uma equipe competente para gerenciar esse planejamento. E enfim, o que todos estavam esperando, Acir Gurgacz diz que ele lutar\u00e1, e \u00e9 realmente pr\u00e9-candidato ao Governo do Estado, para gerenciar esse grande projeto para Rond\u00f4nia.<\/p>\n<p>Finalizando o Senador conclamou a milit\u00e2ncia pedetista a cair em campo em prol da sua pr\u00e9-candidatura ao Governo de Rond\u00f4nia. O vice-presidente da Executiva Municipal. Celso Gomes, aparteando o Senador disse que \u201c sa\u00edmos daqui satisfeitos com a posi\u00e7\u00e3o do senhor Senador, pois n\u00f3s militantes do PDT, principalmente na Municipal de Porto Velho, sempre defendemos sua pr\u00e9-candidatura e agora podemos ent\u00e3o levar em frente de forma tranq\u00fcila essa luta\u201d.<\/p>\n","protected":false},"excerpt":{"rendered":"<p>Senador Acir Gurgacz (PDT RO) confirma sua pr\u00e9-candidatura ao governo do Estado na reuni\u00e3o acontecida na tarde do \u00faltimo s\u00e1bado na cidade de Ji-Paran\u00e1, no audit\u00f3rio da Eucatur, entre os pr\u00e9-candidatos do PDT aos cargos eletivos de deputado estadual, deputado federal e senador. A Executiva Regional\u00a0\u00a0coordenou a reuni\u00e3o\u00a0\u00a0e os trabalhos foram conduzidos pelo senador Acir [&hellip;]<\/p>\n","protected":false},"author":2,"featured_media":0,"comment_status":"open","ping_status":"open","sticky":false,"template":"","format":"standard","meta":{"tdm_status":"","tdm_grid_status":"","footnotes":""},"categories":[22],"tags":[],"class_list":{"0":"post-25965","1":"post","2":"type-post","3":"status-publish","4":"format-standard","6":"category-brasil"},"_links":{"self":[{"href":"https:\/\/migracao.redenoticia.com.br\/noticia\/wp-json\/wp\/v2\/posts\/25965","targetHints":{"allow":["GET"]}}],"collection":[{"href":"https:\/\/migracao.redenoticia.com.br\/noticia\/wp-json\/wp\/v2\/posts"}],"about":[{"href":"https:\/\/migracao.redenoticia.com.br\/noticia\/wp-json\/wp\/v2\/types\/post"}],"author":[{"embeddable":true,"href":"https:\/\/migracao.redenoticia.com.br\/noticia\/wp-json\/wp\/v2\/users\/2"}],"replies":[{"embeddable":true,"href":"https:\/\/migracao.redenoticia.com.br\/noticia\/wp-json\/wp\/v2\/comments?post=25965"}],"version-history":[{"count":0,"href":"https:\/\/migracao.redenoticia.com.br\/noticia\/wp-json\/wp\/v2\/posts\/25965\/revisions"}],"wp:attachment":[{"href":"https:\/\/migracao.redenoticia.com.br\/noticia\/wp-json\/wp\/v2\/media?parent=25965"}],"wp:term":[{"taxonomy":"category","embeddable":true,"href":"https:\/\/migracao.redenoticia.com.br\/noticia\/wp-json\/wp\/v2\/categories?post=25965"},{"taxonomy":"post_tag","embeddable":true,"href":"https:\/\/migracao.redenoticia.com.br\/noticia\/wp-json\/wp\/v2\/tags?post=25965"}],"curies":[{"name":"wp","href":"https:\/\/api.w.org\/{rel}","templated":true}]}}