{"id":2598,"date":"2009-06-08T22:34:02","date_gmt":"2009-06-09T02:34:02","guid":{"rendered":"http:\/\/www.redenoticia.com.br\/noticia\/?p=2598"},"modified":"2009-06-09T18:21:44","modified_gmt":"2009-06-09T22:21:44","slug":"cancelada-discussao-de-relatorio-sobre-mineracao-em-terra-indigena","status":"publish","type":"post","link":"https:\/\/migracao.redenoticia.com.br\/noticia\/2009\/cancelada-discussao-de-relatorio-sobre-mineracao-em-terra-indigena\/2598","title":{"rendered":"Cancelada discuss\u00e3o de relat\u00f3rio sobre minera\u00e7\u00e3o em terra ind\u00edgena"},"content":{"rendered":"<p><span style=\"font-size: 11pt; font-family: Arial;\"><a href=\"https:\/\/migracao.redenoticia.com.br\/noticia\/imagens\/\/valverde1.jpg\"><img loading=\"lazy\" decoding=\"async\" class=\"alignleft size-medium wp-image-2599\" title=\"valverde1\" src=\"https:\/\/migracao.redenoticia.com.br\/noticia\/imagens\/\/valverde1-249x187.jpg\" alt=\"valverde1\" width=\"249\" height=\"187\" \/><\/a>A comiss\u00e3o especial sobre explora\u00e7\u00e3o de recursos minerais em terras ind\u00edgenas cancelou a reuni\u00e3o que realizaria nesta ter\u00e7a-feira (9) para discutir o parecer do deputado Eduardo<br \/>\n<span class=\"highlightedsearchterm\">Valverde<\/span> (PT- Rond\u00f4nia). A vota\u00e7\u00e3o do relat\u00f3rio vem sendo adiada desde o segundo semestre do ano passado, por falta de acordo.<\/p>\n<p><span class=\"highlightedsearchterm\">Valverde<\/span> apresentou substitutivo que altera o projeto original do Senado sobre o tema (PL 1610\/96). Entre as mudan\u00e7as, est\u00e1 a obrigatoriedade de consulta \u00e0s comunidades ind\u00edgenas sobre a possibilidade de extra\u00e7\u00e3o de min\u00e9rios em suas terras.<\/p>\n<p>De acordo com o projeto original, os \u00edndios seriam ouvidos, mas apenas de forma consultiva. Com a mudan\u00e7a proposta, a opini\u00e3o das comunidades ser\u00e1 decisiva, pois elas poder\u00e3o impedir a implanta\u00e7\u00e3o de projetos de minera\u00e7\u00e3o.<\/p>\n<p><span> <\/span><br \/>\nAg\u00eancia C\u00e2mara<\/span><\/p>\n","protected":false},"excerpt":{"rendered":"<p>A comiss\u00e3o especial sobre explora\u00e7\u00e3o de recursos minerais em terras ind\u00edgenas cancelou a reuni\u00e3o que realizaria nesta ter\u00e7a-feira (9) para discutir o parecer do deputado Eduardo Valverde (PT- Rond\u00f4nia). A vota\u00e7\u00e3o do relat\u00f3rio vem sendo adiada desde o segundo semestre do ano passado, por falta de acordo. Valverde apresentou substitutivo que altera o projeto original [&hellip;]<\/p>\n","protected":false},"author":3,"featured_media":0,"comment_status":"open","ping_status":"open","sticky":false,"template":"","format":"standard","meta":{"tdm_status":"","tdm_grid_status":"","footnotes":""},"categories":[22,7],"tags":[],"class_list":{"0":"post-2598","1":"post","2":"type-post","3":"status-publish","4":"format-standard","6":"category-brasil","7":"category-economia"},"_links":{"self":[{"href":"https:\/\/migracao.redenoticia.com.br\/noticia\/wp-json\/wp\/v2\/posts\/2598","targetHints":{"allow":["GET"]}}],"collection":[{"href":"https:\/\/migracao.redenoticia.com.br\/noticia\/wp-json\/wp\/v2\/posts"}],"about":[{"href":"https:\/\/migracao.redenoticia.com.br\/noticia\/wp-json\/wp\/v2\/types\/post"}],"author":[{"embeddable":true,"href":"https:\/\/migracao.redenoticia.com.br\/noticia\/wp-json\/wp\/v2\/users\/3"}],"replies":[{"embeddable":true,"href":"https:\/\/migracao.redenoticia.com.br\/noticia\/wp-json\/wp\/v2\/comments?post=2598"}],"version-history":[{"count":0,"href":"https:\/\/migracao.redenoticia.com.br\/noticia\/wp-json\/wp\/v2\/posts\/2598\/revisions"}],"wp:attachment":[{"href":"https:\/\/migracao.redenoticia.com.br\/noticia\/wp-json\/wp\/v2\/media?parent=2598"}],"wp:term":[{"taxonomy":"category","embeddable":true,"href":"https:\/\/migracao.redenoticia.com.br\/noticia\/wp-json\/wp\/v2\/categories?post=2598"},{"taxonomy":"post_tag","embeddable":true,"href":"https:\/\/migracao.redenoticia.com.br\/noticia\/wp-json\/wp\/v2\/tags?post=2598"}],"curies":[{"name":"wp","href":"https:\/\/api.w.org\/{rel}","templated":true}]}}