{"id":25992,"date":"2010-04-12T16:22:41","date_gmt":"2010-04-12T20:22:41","guid":{"rendered":"http:\/\/www.redenoticia.com.br\/noticia\/?p=25992"},"modified":"2010-04-12T16:22:41","modified_gmt":"2010-04-12T20:22:41","slug":"act-e-brasilcon-promovem-congresso-internacional-sobre-o-poder-judiciario-e-o-controle-do-tabaco","status":"publish","type":"post","link":"https:\/\/migracao.redenoticia.com.br\/noticia\/2010\/act-e-brasilcon-promovem-congresso-internacional-sobre-o-poder-judiciario-e-o-controle-do-tabaco\/25992","title":{"rendered":"ACT E BRASILCON promovem congresso internacional sobre o Poder Judici\u00e1rio e o controle do tabaco"},"content":{"rendered":"<p>Os Ministros do Superior Tribunal de Justi\u00e7a, Nancy Andrighi e Antonio Herman Benjamin, abrir\u00e3o o\u00a0<strong>Congresso Internacional: O Poder Judici\u00e1rio e o Controle do Tabaco<\/strong>, promovido pela Alian\u00e7a de Controle do Tabagismo \u2013 ACT e pelo Instituto Brasileiro de Pol\u00edtica e Direito\u00a0\u00a0do\u00a0\u00a0Consumidor \u2013 Brasilcon, nesta quinta-feira, 15 de abril, \u00e0s 19h, no Audit\u00f3rio Juscelino Kubitschek, da Procuradoria Geral da Rep\u00fablica, em Bras\u00edlia. A Ministra Andrighi falar\u00e1 sobre\u00a0\u201c<em>O STJ e as a\u00e7\u00f5es judiciais sobre tabaco: quest\u00f5es atuais e pol\u00eamicas\u201d. <\/em>Em seguida, o Ministro\u00a0\u00a0Benjamin falar\u00e1 sobre \u201c<em>O Poder Judici\u00e1rio e o Controle do Tabaco<\/em>\u201d.<\/p>\n<p>Na sexta-feira, 16, a partir das 9h, diversos temas relacionados ao controle do tabaco ser\u00e3o discutidos, como a Conven\u00e7\u00e3o Quadro para o Controle do Tabaco, a responsabilidade civil da ind\u00fastria do tabaco, os ambientes fechados livres de fumo, a propaganda de produtos de tabaco,\u00a0\u00a0o\u00a0\u00a0impacto econ\u00f4mico e social do tabagismo e os direitos humanos.<\/p>\n<p>Segundo a coordenadora jur\u00eddica da ACT, Clarissa Homsi, \u201c<em>o Brasil \u00e9 signat\u00e1rio do primeiro tratado internacional de sa\u00fade p\u00fablica, a Conven\u00e7\u00e3o Quadro para o Controle do Tabaco. \u00c9 importante que o Judici\u00e1rio e os operadores do Direito conhe\u00e7am as disposi\u00e7\u00f5es desse tratado e contribuam para a sua implementa\u00e7\u00e3o. \u00c9 esse o objetivo deste Congresso e a miss\u00e3o da ACT<\/em>\u201d.<\/p>\n<p>No encerramento, haver\u00e1 a premia\u00e7\u00e3o dos vencedores do 1\u00ba Concurso de Monografia em Direitos Humanos e Controle do Tabaco, promovido pela ACT e Brasilcon. Fernando Gama de Miranda Netto, professor adjunto de Direito Processual da Universidade Federal Fluminense (UFF),\u00a0\u00a0foi o vencedor na categoria profissional bacharel em Direito, e Eric Baracho Dore Fernandes, que tamb\u00e9m \u00e9 da UFF, na categoria estudante de gradua\u00e7\u00e3o em Direito.\u00a0\u00a0\u00a0Os trabalhos podem ser lidos na \u00edntegra em nosso site, nos links:<\/p>\n<p><a href=\"http:\/\/www.actbr.org.br\/uploads\/conteudo\/403_MONOGRAFIA_ESTUDANTE.PDF\" target=\"_blank\">http:\/\/www.actbr.org.br\/uploads\/conteudo\/403_MONOGRAFIA_ESTUDANTE.PDF<\/a><a href=\"http:\/\/www.actbr.org.br\/uploads\/conteudo\/402_MONOGRAFIA_PROFISSIONAL.PDF\" target=\"_blank\">http:\/\/www.actbr.org.br\/uploads\/conteudo\/402_MONOGRAFIA_PROFISSIONAL.PDF<\/a><\/p>\n<p><strong>PROGRAMA\u00c7\u00c3O DO CONGRESSO INTERNACIONAL: O PODER JUDICI\u00c1RIO E O CONTROLE DO TABACO<\/strong><\/p>\n<p><strong>15.04.2010 &#8211; quinta-feira<\/strong><strong> <\/strong><\/p>\n<p>18:00 &#8211; Inscri\u00e7\u00f5es e registro<\/p>\n<p>19:00 &#8211; Mesa de abertura<\/p>\n<p>19:30 \u2013 Palestras de abertura<\/p>\n<ul>\n<li>Ministra Nancy Andrighi \u2013 STJ \u2013 \u201c<em>O STJ e as a\u00e7\u00f5es judiciais sobre tabaco: quest\u00f5es atuais e pol\u00eamicas\u201d<\/em><\/li>\n<\/ul>\n<p>Presidente de mesa:\u00a0Leonardo Bessa\u00a0\u2013 BRASILCON<\/p>\n<ul>\n<li>Ministro Antonio Herman Benjamin \u2013 STJ &#8211;\u00a0<em>\u201cO Poder Judici\u00e1rio e o controle do tabaco\u201d<\/em><\/li>\n<\/ul>\n<p>Presidente de mesa: Ricardo Morishita \u2013 DPDC<\/p>\n<p><strong>16.04.2010 \u2013 sexta-feira<\/strong><\/p>\n<p><strong><\/strong><\/p>\n<p>9:00 &#8211;\u00a0<strong>Conven\u00e7\u00e3o-Quadro para o Controle do Tabaco &#8211; CQCT<\/strong><\/p>\n<ul>\n<li>Presidente de mesa: Franklin Rubinstein,\u00a0\u00a0ANVISA.<\/li>\n<li>Cristiane Vianna \u2013 INCA \u2013 A CQCT e sua ratifica\u00e7\u00e3o pelo Brasil<\/li>\n<li>Clarissa Homsi \u2013 ACT &#8211; Judicializa\u00e7\u00e3o das pol\u00edticas p\u00fablicas em controle do tabagismo<\/li>\n<li>Patr\u00edcia Lambert \u2013 Campaign for Tobacco Free Kids \u2013 EUA \u2013 Efetividade internacional da CQCT<\/li>\n<li>Debates<\/li>\n<\/ul>\n<p>10:00 &#8211;\u00a0<strong>Responsabilidade civil da ind\u00fastria do tabaco<\/strong><\/p>\n<ul>\n<li>Presidente de mesa: Eug\u00eanio Jos\u00e9 Guilherme de Arag\u00e3o \u2013 Subprocurador Geral da Rep\u00fablica<\/li>\n<li>L\u00facio Delfino \u2013 BRASILCON \u2013 Responsabilidade civil da ind\u00fastria do tabaco<\/li>\n<li>Jo\u00e3o Lopes Guimar\u00e3es \u2013 MP\/SP \u2013 O Minist\u00e9rio P\u00fablico e a responsabiliza\u00e7\u00e3o da ind\u00fastria do tabaco<\/li>\n<li>Richard A. Daynard \u2013 Public Healthy Advocacy Institute \u2013 Northeastern University \u2013 EUA \u2013 A responsabiliza\u00e7\u00e3o da ind\u00fastria do tabaco nos EUA<\/li>\n<li>Debates<\/li>\n<\/ul>\n<p>11:15 &#8211;\u00a0<strong>Ambientes livres do tabaco<\/strong><\/p>\n<ul>\n<li>Presidente de mesa: Adriana Carvalho -ACT<\/li>\n<li>Lu\u00eds Renato Vedovato \u2013 PUC CAMPINAS, FACAMP, UNIP e FAJ \u2013 A constitucionalidade das leis locais de ambientes livres do tabaco<\/li>\n<li>Roberto Pfeiffer \u2013 PROCON\/SP E BRASILCON\u00a0\u2013 A lei antifumo paulista e sua aplica\u00e7\u00e3o<\/li>\n<li>Emmanuelle Beguinot &#8211; Comit\u00e9 National Contre le Tabagisme &#8211; Fran\u00e7a &#8211; Responsabilidade dos empregadores e seu papel em facilitar a ado\u00e7\u00e3o e implementa\u00e7\u00e3o de leis que prev\u00eaem ambientes livres do tabaco<\/li>\n<li>Debates<\/li>\n<\/ul>\n<p>14:30 &#8211;\u00a0<strong>Publicidade de produtos derivados do tabaco<\/strong><\/p>\n<ul>\n<li>Presidente de mesa: Estela Guerrini -IDEC<\/li>\n<li>Virg\u00edlio Afonso da Silva \u2013 USP \u2013 A constitucionalidade da proibi\u00e7\u00e3o total da publicidade de produtos derivados do tabaco<\/li>\n<li>Walter Moura\u00a0\u2013\u00a0BRASILCON e UNICEUB\u00a0\u2013 A legisla\u00e7\u00e3o federal de publicidade de produtos derivados de tabaco e o Poder Judici\u00e1rio<\/li>\n<li>Debates<\/li>\n<\/ul>\n<p>15:30 &#8211;\u00a0<strong>Impacto econ\u00f4mico e social do tabagismo<\/strong><\/p>\n<ul>\n<li>Presidente de mesa: Adriana Gregolin \u2013 Minist\u00e9rio do Desenvolvimento Agr\u00e1rio<\/li>\n<li>Roberto Iglesias \u2013 PUC\/RJ e ACT \u2013 A pol\u00edtica fiscal e o controle do tabagismo<\/li>\n<li>M\u00e1rcia Pinto \u2013 Fiocruz \u2013 Conseq\u00fc\u00eancias econ\u00f4micas do tabagismo para o SUS<\/li>\n<li>Margaret Mattos \u2013 MPT\/PR \u2013 As consequ\u00eancias sociais do tabagismo para os fumicultores<\/li>\n<li>Debates<\/li>\n<\/ul>\n<p>17:00\u00a0\u00a0&#8211;\u00a0<strong>Direitos humanos e controle do tabaco<\/strong><\/p>\n<ul>\n<li>Presidente de mesa: &#8211; Gilda Pereira Carvalho &#8211; Procuradora Federal dos Direitos do Cidad\u00e3o<\/li>\n<li>Amanda Fl\u00e1vio de Oliveira \u2013 UFMG e BRASILCON \u2013 Direito \u00e0 liberdade e direito \u00e0 sa\u00fade e o tabagismo<\/li>\n<li>Guilherme Eidt Gon\u00e7alves de Almeida \u2013 ACT \u2013 Os grupos vulner\u00e1veis e a produ\u00e7\u00e3o e consumo do tabaco<\/li>\n<li>Alejandro Madrazo Lajous \u2013 Universidad Nacional Aut\u00f3noma de M\u00e9xico \u2013 M\u00e9xico \u2013 Tornando efetivo o Direito \u00e0 sa\u00fade: mecanismos de exigibilidade de uma regula\u00e7\u00e3o adequada do tabaco<\/li>\n<li>Apresenta\u00e7\u00e3o do trabalho vencedor do concurso de monografia Direitos Humanos e Controle do Tabaco<\/li>\n<li>Debates<\/li>\n<\/ul>\n<table border=\"0\" cellspacing=\"0\" cellpadding=\"0\">\n<tbody>\n<tr>\n<td width=\"604\" valign=\"top\">18:15 &#8211; Entrega de pr\u00eamios \u2013 concurso de   monografia<\/p>\n<p>18:30 \u2013 Encerramento<\/td>\n<\/tr>\n<\/tbody>\n<\/table>\n","protected":false},"excerpt":{"rendered":"<p>Os Ministros do Superior Tribunal de Justi\u00e7a, Nancy Andrighi e Antonio Herman Benjamin, abrir\u00e3o o\u00a0Congresso Internacional: O Poder Judici\u00e1rio e o Controle do Tabaco, promovido pela Alian\u00e7a de Controle do Tabagismo \u2013 ACT e pelo Instituto Brasileiro de Pol\u00edtica e Direito\u00a0\u00a0do\u00a0\u00a0Consumidor \u2013 Brasilcon, nesta quinta-feira, 15 de abril, \u00e0s 19h, no Audit\u00f3rio Juscelino Kubitschek, da [&hellip;]<\/p>\n","protected":false},"author":2,"featured_media":0,"comment_status":"open","ping_status":"open","sticky":false,"template":"","format":"standard","meta":{"tdm_status":"","tdm_grid_status":"","footnotes":""},"categories":[370,353],"tags":[],"class_list":{"0":"post-25992","1":"post","2":"type-post","3":"status-publish","4":"format-standard","6":"category-inscricao","7":"category-oportunidades"},"_links":{"self":[{"href":"https:\/\/migracao.redenoticia.com.br\/noticia\/wp-json\/wp\/v2\/posts\/25992","targetHints":{"allow":["GET"]}}],"collection":[{"href":"https:\/\/migracao.redenoticia.com.br\/noticia\/wp-json\/wp\/v2\/posts"}],"about":[{"href":"https:\/\/migracao.redenoticia.com.br\/noticia\/wp-json\/wp\/v2\/types\/post"}],"author":[{"embeddable":true,"href":"https:\/\/migracao.redenoticia.com.br\/noticia\/wp-json\/wp\/v2\/users\/2"}],"replies":[{"embeddable":true,"href":"https:\/\/migracao.redenoticia.com.br\/noticia\/wp-json\/wp\/v2\/comments?post=25992"}],"version-history":[{"count":0,"href":"https:\/\/migracao.redenoticia.com.br\/noticia\/wp-json\/wp\/v2\/posts\/25992\/revisions"}],"wp:attachment":[{"href":"https:\/\/migracao.redenoticia.com.br\/noticia\/wp-json\/wp\/v2\/media?parent=25992"}],"wp:term":[{"taxonomy":"category","embeddable":true,"href":"https:\/\/migracao.redenoticia.com.br\/noticia\/wp-json\/wp\/v2\/categories?post=25992"},{"taxonomy":"post_tag","embeddable":true,"href":"https:\/\/migracao.redenoticia.com.br\/noticia\/wp-json\/wp\/v2\/tags?post=25992"}],"curies":[{"name":"wp","href":"https:\/\/api.w.org\/{rel}","templated":true}]}}