{"id":25995,"date":"2010-04-12T16:25:49","date_gmt":"2010-04-12T20:25:49","guid":{"rendered":"http:\/\/www.redenoticia.com.br\/noticia\/?p=25995"},"modified":"2010-04-12T16:25:49","modified_gmt":"2010-04-12T20:25:49","slug":"criador-de-revolucionaria-tecnica-de-craniopuntura-chega-ao-brasil","status":"publish","type":"post","link":"https:\/\/migracao.redenoticia.com.br\/noticia\/2010\/criador-de-revolucionaria-tecnica-de-craniopuntura-chega-ao-brasil\/25995","title":{"rendered":"Criador de revolucion\u00e1ria t\u00e9cnica de craniopuntura chega ao Brasil"},"content":{"rendered":"<p>De 30 de abril a 2 de maio de 2010, no\u00a0Sal\u00e3o Nobre da Secretaria da Agricultura, a Associa\u00e7\u00e3o M\u00e9dica Brasileira de Acupuntura (AMBA) promove o\u00a0<strong>V Simp\u00f3sio Internacional Brasil-Jap\u00e3o e<\/strong><strong> <\/strong><strong>II<\/strong><strong> <\/strong><strong>Congresso Mundial<\/strong><strong> <\/strong><strong>Yamamoto New Scalp Acupuncture &#8211;<\/strong><strong> <\/strong><strong>YNSA<\/strong><\/p>\n<p>O evento contar\u00e1 com a presen\u00e7a de um dos maiores especialistas em acupuntura da atualidade, o m\u00e9dico japon\u00eas\u00a0<strong>dr. Toshikatsu Yamamoto<\/strong>.<\/p>\n<p>No Brasil, sua t\u00e9cnica, a\u00a0Yamamoto New Scalp Acupuncture \u2013\u00a0YNSA,\u00a0vem sendo difundida com resultados bastante positivos. O Sistema \u00danico de Sa\u00fade \u2013 SUS aderiu \u00e0 pr\u00e1tica, proporcionando not\u00f3rias melhorias na sa\u00fade da popula\u00e7\u00e3o. A cidade de Campinas, um exemplo dos benef\u00edcios desta t\u00e9cnica, reduziu o uso de medicamentos consideravelmente desde sua implanta\u00e7\u00e3o.<\/p>\n<p>\u201cA acupuntura reduziu de forma significativa o uso de antiinflamat\u00f3rios pela popula\u00e7\u00e3o assistida pelo SUS daquela regi\u00e3o. Tal feito \u00e9 fruto do trabalho da AMBA de difus\u00e3o cient\u00edfica da t\u00e9cnica YNSA para um contingente de m\u00e9dicos da Secretaria Municipal de Sa\u00fade\u201d, relata o dr. Ruy Tanigawa, presidente da AMBA.<\/p>\n<p>O curso te\u00f3rico-pr\u00e1tico \u00e9 dirigido restritamente \u00e0 classe m\u00e9dica e tem como intuito aperfei\u00e7oar o conhecimento dos ouvintes para a t\u00e9cnica de craniopuntura aplicada em pacientes com patologias agudas e cr\u00f4nicas. A t\u00e9cnica tamb\u00e9m \u00e9 indicada em casos de dores em geral, como cefal\u00e9ia, bursite e lombalgia, al\u00e9m de sequelas neurol\u00f3gicas.<\/p>\n<p><strong> Acupuntura e craniopuntura<\/strong><\/p>\n<p>Surgida na China h\u00e1 4 mil anos, a acupuntura \u00e9 uma t\u00e9cnica oriental de tratamento que proliferou ao redor do mundo. Em 1995, no Brasil, ganhou status de especialidade m\u00e9dica, sendo aplicada para tratar dores e tendo efeito terap\u00eautico em in\u00fameras patologias.<\/p>\n<p>A craniopuntura \u00e9 uma das t\u00e9cnicas da acupuntura e\u00a0consiste na inser\u00e7\u00e3o de agulhas na regi\u00e3o escalpeana e em regi\u00f5es relacionadas a centros sensitivos e motores do c\u00f3rtex. Atua principalmente no tratamento de\u00a0sequelas de acidentevascular cerebral (AVC).<\/p>\n<p>Constantemente aperfei\u00e7oada nos dois centros de reabilita\u00e7\u00e3o de Yamamoto, nas cidades de Nichinan e Miyazaki, ambas no Jap\u00e3o, a craniopuntura j\u00e1 conta com equipamentos de \u00faltima gera\u00e7\u00e3o, que auxiliam, sobretudo, o campo das neuroci\u00eancias.<\/p>\n<p><strong>INFORMA\u00c7\u00d5ES E INSCRI\u00c7\u00d5ES<\/strong><\/p>\n<p>Tel: (11) 5572-1666<br \/>\n<a href=\"mailto:cursos@amba.org.br\" target=\"_blank\">cursos@amba.org.br<\/a><\/p>\n","protected":false},"excerpt":{"rendered":"<p>De 30 de abril a 2 de maio de 2010, no\u00a0Sal\u00e3o Nobre da Secretaria da Agricultura, a Associa\u00e7\u00e3o M\u00e9dica Brasileira de Acupuntura (AMBA) promove o\u00a0V Simp\u00f3sio Internacional Brasil-Jap\u00e3o e II Congresso Mundial Yamamoto New Scalp Acupuncture &#8211; YNSA O evento contar\u00e1 com a presen\u00e7a de um dos maiores especialistas em acupuntura da atualidade, o m\u00e9dico [&hellip;]<\/p>\n","protected":false},"author":2,"featured_media":0,"comment_status":"open","ping_status":"open","sticky":false,"template":"","format":"standard","meta":{"tdm_status":"","tdm_grid_status":"","footnotes":""},"categories":[370,353],"tags":[],"class_list":{"0":"post-25995","1":"post","2":"type-post","3":"status-publish","4":"format-standard","6":"category-inscricao","7":"category-oportunidades"},"_links":{"self":[{"href":"https:\/\/migracao.redenoticia.com.br\/noticia\/wp-json\/wp\/v2\/posts\/25995","targetHints":{"allow":["GET"]}}],"collection":[{"href":"https:\/\/migracao.redenoticia.com.br\/noticia\/wp-json\/wp\/v2\/posts"}],"about":[{"href":"https:\/\/migracao.redenoticia.com.br\/noticia\/wp-json\/wp\/v2\/types\/post"}],"author":[{"embeddable":true,"href":"https:\/\/migracao.redenoticia.com.br\/noticia\/wp-json\/wp\/v2\/users\/2"}],"replies":[{"embeddable":true,"href":"https:\/\/migracao.redenoticia.com.br\/noticia\/wp-json\/wp\/v2\/comments?post=25995"}],"version-history":[{"count":0,"href":"https:\/\/migracao.redenoticia.com.br\/noticia\/wp-json\/wp\/v2\/posts\/25995\/revisions"}],"wp:attachment":[{"href":"https:\/\/migracao.redenoticia.com.br\/noticia\/wp-json\/wp\/v2\/media?parent=25995"}],"wp:term":[{"taxonomy":"category","embeddable":true,"href":"https:\/\/migracao.redenoticia.com.br\/noticia\/wp-json\/wp\/v2\/categories?post=25995"},{"taxonomy":"post_tag","embeddable":true,"href":"https:\/\/migracao.redenoticia.com.br\/noticia\/wp-json\/wp\/v2\/tags?post=25995"}],"curies":[{"name":"wp","href":"https:\/\/api.w.org\/{rel}","templated":true}]}}