{"id":26,"date":"2009-03-28T22:36:00","date_gmt":"2009-03-29T01:36:00","guid":{"rendered":"http:\/\/www.redenoticia.com.br\/noticia\/?p=26"},"modified":"2009-04-10T17:06:26","modified_gmt":"2009-04-10T20:06:26","slug":"recursos-do-iptu-em-ariquemes-garantem-investimentos-no-municipio","status":"publish","type":"post","link":"https:\/\/migracao.redenoticia.com.br\/noticia\/2009\/recursos-do-iptu-em-ariquemes-garantem-investimentos-no-municipio\/26","title":{"rendered":"Recursos do IPTU em Ariquemes garantem investimentos no munic\u00edpio"},"content":{"rendered":"\n<p class=\"MsoNormal\">[singlepic id=217 w=320 h=240 float=left]Neste ano em Ariquemes o contribuinte que pagar em dia o IPTU ter\u00e1 incentivo da Prefeitura atrav\u00e9s de b\u00f4nus, podendo alcan\u00e7ar um desconto anual de 5% a 30%. O imposto tamb\u00e9m poder\u00e1 ser parcelado em at\u00e9 tr\u00eas vezes<\/p>\n<p class=\"MsoNormal\"><span>Um total de 28.500 carn\u00eas do imposto j\u00e1 foram distribu\u00eddos. A previs\u00e3o de arrecada\u00e7\u00e3o para este ano \u00e9 de aproximadamente R$ 1,6 milh\u00e3o.<\/span> O secret\u00e1rio de Fazenda, Gilvan Ramos de Almeida, observou que para a \u00e1rea de sa\u00fade, a legisla\u00e7\u00e3o prev\u00ea aplica\u00e7\u00e3o de no m\u00ednimo 15% do total arrecadado, enquanto para o setor de educa\u00e7\u00e3o \u00e9 destinado 25%, para a C\u00e2mara Municipal 8% e 1% para o PASEP. Gilvan informou que neste ano a Prefeitura ir\u00e1 investir aproximadamente R$ 1,1 milh\u00e3o em merenda escolar, sendo que 600 mil s\u00e3o de recursos pr\u00f3prios. A maior parte do recurso ser\u00e1 destinada para educa\u00e7\u00e3o e sa\u00fade e o restante aplicado nos servi\u00e7os p\u00fablicos. &#8220;Quem busca atendimento em creches e em postos de sa\u00fade n\u00e3o imagina que ali est\u00e1 tamb\u00e9m investido dinheiro oriundo do pagamento anual do IPTU&#8221;, destacou o secret\u00e1rio. Isen\u00e7\u00e3o Os aposentados ter\u00e3o 15 dias antes do vencimento, conforme a legisla\u00e7\u00e3o, para fazerem a declara\u00e7\u00e3o de isen\u00e7\u00e3o de IPTU, junto \u00e0 Receita Municipal, localizada no pr\u00e9dio da Prefeitura. Os beneficiados dever\u00e3o ter em m\u00e3os a c\u00f3pia do RG, CPF, cart\u00e3o do benef\u00edcio e ainda o extrato da aposentadoria. Para ter direito \u00e0 isen\u00e7\u00e3o, o aposentado dever\u00e1 receber at\u00e9 tr\u00eas sal\u00e1rios m\u00ednimos. O terreno n\u00e3o pode ser maior que 500m2, deve ser estritamente residencial e o benefici\u00e1rio ter\u00e1 que residir no local. Outro detalhe \u00e9 que o aposentado deve ter apenas um \u00fanico im\u00f3vel e o cadastro da propriedade ter\u00e1 que estar em seu nome.<\/p>\n<p class=\"MsoNormal\">\n<p class=\"MsoNormal\"><strong><span>Fonte:<\/span><\/strong> <span>Ger\u00eancia de Comunica\u00e7\u00e3o e Qualidade &#8211; Ariquemes PMA<\/span><\/p>\n<p class=\"MsoNormal\">\n<p class=\"MsoNormal\">Foto Ariquemes<\/p>\n","protected":false},"excerpt":{"rendered":"<p>[singlepic id=217 w=320 h=240 float=left]Neste ano em Ariquemes o contribuinte que pagar em dia o IPTU ter\u00e1 incentivo da Prefeitura atrav\u00e9s de b\u00f4nus, podendo alcan\u00e7ar um desconto anual de 5% a 30%. O imposto tamb\u00e9m poder\u00e1 ser parcelado em at\u00e9 tr\u00eas vezes Um total de 28.500 carn\u00eas do imposto j\u00e1 foram distribu\u00eddos. A previs\u00e3o de [&hellip;]<\/p>\n","protected":false},"author":2,"featured_media":0,"comment_status":"open","ping_status":"open","sticky":false,"template":"","format":"standard","meta":{"tdm_status":"","tdm_grid_status":"","footnotes":""},"categories":[22],"tags":[],"class_list":{"0":"post-26","1":"post","2":"type-post","3":"status-publish","4":"format-standard","6":"category-brasil"},"_links":{"self":[{"href":"https:\/\/migracao.redenoticia.com.br\/noticia\/wp-json\/wp\/v2\/posts\/26","targetHints":{"allow":["GET"]}}],"collection":[{"href":"https:\/\/migracao.redenoticia.com.br\/noticia\/wp-json\/wp\/v2\/posts"}],"about":[{"href":"https:\/\/migracao.redenoticia.com.br\/noticia\/wp-json\/wp\/v2\/types\/post"}],"author":[{"embeddable":true,"href":"https:\/\/migracao.redenoticia.com.br\/noticia\/wp-json\/wp\/v2\/users\/2"}],"replies":[{"embeddable":true,"href":"https:\/\/migracao.redenoticia.com.br\/noticia\/wp-json\/wp\/v2\/comments?post=26"}],"version-history":[{"count":0,"href":"https:\/\/migracao.redenoticia.com.br\/noticia\/wp-json\/wp\/v2\/posts\/26\/revisions"}],"wp:attachment":[{"href":"https:\/\/migracao.redenoticia.com.br\/noticia\/wp-json\/wp\/v2\/media?parent=26"}],"wp:term":[{"taxonomy":"category","embeddable":true,"href":"https:\/\/migracao.redenoticia.com.br\/noticia\/wp-json\/wp\/v2\/categories?post=26"},{"taxonomy":"post_tag","embeddable":true,"href":"https:\/\/migracao.redenoticia.com.br\/noticia\/wp-json\/wp\/v2\/tags?post=26"}],"curies":[{"name":"wp","href":"https:\/\/api.w.org\/{rel}","templated":true}]}}