{"id":2603,"date":"2009-06-09T12:00:27","date_gmt":"2009-06-09T16:00:27","guid":{"rendered":"http:\/\/www.redenoticia.com.br\/noticia\/?p=2603"},"modified":"2009-06-09T17:53:48","modified_gmt":"2009-06-09T21:53:48","slug":"ji-parana-vacina-caes-e-gatos-da-zona-rural","status":"publish","type":"post","link":"https:\/\/migracao.redenoticia.com.br\/noticia\/2009\/ji-parana-vacina-caes-e-gatos-da-zona-rural\/2603","title":{"rendered":"Ji-Paran\u00e1 vacina c\u00e3es e gatos da zona rural"},"content":{"rendered":"<p align=\"justify\"><span style=\"font-family: 'Times New Roman'; font-size: small;\">A campanha de vacina\u00e7\u00e3o contra raiva animal deve chegar esta semana aos dois \u00faltimos bairros que ainda n\u00e3o receberam a visita do Centro de Controle de Zoonoses (CCZ). A campanha teve in\u00edcio no \u00faltimo dia 30 e at\u00e9 agora j\u00e1 vacinou mais de 15 mil animais.<\/span><\/p>\n<p align=\"justify\"><span style=\"font-family: 'Times New Roman'; font-size: small;\">De acordo com o respons\u00e1vel t\u00e9cnico do CCZ, Gilvan Agostinho dos Santos, somente no dia \u201cD\u201d da vacina\u00e7\u00e3o anti-r\u00e1bica, que contou com 35 postos de vacina\u00e7\u00e3o, foram vacinados mais de 15 mil animais em Ji-Paran\u00e1. De l\u00e1 para c\u00e1, mais 500 animais, entre c\u00e3es e gatos, receberam a vacina.<\/span><\/p>\n<p align=\"justify\"><span style=\"font-family: 'Times New Roman'; font-size: small;\">A pedido de presidentes de bairros ser\u00e3o montados dois postos avan\u00e7ados de vacina\u00e7\u00e3o anti-r\u00e1bica esta semana para atender comunidades perif\u00e9ricas. Amanh\u00e3, 10, um posto de vacina\u00e7\u00e3o ser\u00e1 montado no bairro Vila Agr\u00edcola, no p\u00e1tio da igreja Santo Rei. C\u00e3es e gatos poder\u00e3o ser vacinados das 8 \u00e0s 11 horas. O CCZ tamb\u00e9m atender\u00e1 pedido de instala\u00e7\u00e3o de um posto avan\u00e7ado no bairro Novo Horizonte, faltando apenas que seja determinado o local para a vacina\u00e7\u00e3o.<\/span><\/p>\n<p align=\"justify\"><span style=\"font-family: 'Times New Roman'; font-size: small;\">A vacina anti-r\u00e1bica continua dispon\u00edvel no Centro de Controle de Zoonoses e na Secretaria Municipal de Sa\u00fade (Semusa) por tempo indeterminado.<\/span><\/p>\n<p align=\"justify\"><span style=\"font-family: 'Times New Roman'; font-size: small;\"><strong>Na zona rural<\/strong><\/span><\/p>\n<p align=\"justify\"><span style=\"font-family: 'Times New Roman'; font-size: small;\">Ainda segundo Santos, teve in\u00edcio no \u00faltimo dia 1\u00ba a campanha de vacina\u00e7\u00e3o anti-r\u00e1bica na zona rural. Por se tratar de uma \u00e1rea muito extensa, a campanha deve seguir at\u00e9 o dia 20 do pr\u00f3ximo m\u00eas. Vacinadores do Centro de Controle de Zoonoses est\u00e3o atendendo comunidades isoladas, as linhas e os distritos de Ji-Paran\u00e1.<\/span><\/p>\n<p align=\"justify\"><span style=\"font-family: 'Times New Roman'; font-size: small;\">Na pr\u00f3xima sexta-feira, a vacina\u00e7\u00e3o para c\u00e3es e gatos contra a raiva acontece no Distrito Nova Colina, no Centro de Sa\u00fade, das 8 \u00e0s 12 horas.<\/span><\/p>\n<p align=\"justify\"><span style=\"font-family: 'Times New Roman'; font-size: small;\">\u201cA campanha est\u00e1 no mesmo ritmo de anos anteriores. Esperamos chegar a perto de 17 mil animais vacinados com estes dois bairros e atingir a meta, que \u00e9 de 22 mil animais, at\u00e9 o fim da campanha na zona rural\u201d, explicou Gilvan.<\/span><\/p>\n","protected":false},"excerpt":{"rendered":"<p>A campanha de vacina\u00e7\u00e3o contra raiva animal deve chegar esta semana aos dois \u00faltimos bairros que ainda n\u00e3o receberam a visita do Centro de Controle de Zoonoses (CCZ). A campanha teve in\u00edcio no \u00faltimo dia 30 e at\u00e9 agora j\u00e1 vacinou mais de 15 mil animais. De acordo com o respons\u00e1vel t\u00e9cnico do CCZ, Gilvan [&hellip;]<\/p>\n","protected":false},"author":2,"featured_media":0,"comment_status":"open","ping_status":"open","sticky":false,"template":"","format":"standard","meta":{"tdm_status":"","tdm_grid_status":"","footnotes":""},"categories":[5],"tags":[],"class_list":{"0":"post-2603","1":"post","2":"type-post","3":"status-publish","4":"format-standard","6":"category-saude-e-vida"},"_links":{"self":[{"href":"https:\/\/migracao.redenoticia.com.br\/noticia\/wp-json\/wp\/v2\/posts\/2603","targetHints":{"allow":["GET"]}}],"collection":[{"href":"https:\/\/migracao.redenoticia.com.br\/noticia\/wp-json\/wp\/v2\/posts"}],"about":[{"href":"https:\/\/migracao.redenoticia.com.br\/noticia\/wp-json\/wp\/v2\/types\/post"}],"author":[{"embeddable":true,"href":"https:\/\/migracao.redenoticia.com.br\/noticia\/wp-json\/wp\/v2\/users\/2"}],"replies":[{"embeddable":true,"href":"https:\/\/migracao.redenoticia.com.br\/noticia\/wp-json\/wp\/v2\/comments?post=2603"}],"version-history":[{"count":0,"href":"https:\/\/migracao.redenoticia.com.br\/noticia\/wp-json\/wp\/v2\/posts\/2603\/revisions"}],"wp:attachment":[{"href":"https:\/\/migracao.redenoticia.com.br\/noticia\/wp-json\/wp\/v2\/media?parent=2603"}],"wp:term":[{"taxonomy":"category","embeddable":true,"href":"https:\/\/migracao.redenoticia.com.br\/noticia\/wp-json\/wp\/v2\/categories?post=2603"},{"taxonomy":"post_tag","embeddable":true,"href":"https:\/\/migracao.redenoticia.com.br\/noticia\/wp-json\/wp\/v2\/tags?post=2603"}],"curies":[{"name":"wp","href":"https:\/\/api.w.org\/{rel}","templated":true}]}}