{"id":2621,"date":"2009-06-09T14:46:33","date_gmt":"2009-06-09T18:46:33","guid":{"rendered":"http:\/\/www.redenoticia.com.br\/noticia\/?p=2621"},"modified":"2009-06-09T18:20:15","modified_gmt":"2009-06-09T22:20:15","slug":"programa-%e2%80%9cminha-casa-minha-vida%e2%80%9d-lancado-a-sete-dias-tem-1300-inscritos-em-ji-parana","status":"publish","type":"post","link":"https:\/\/migracao.redenoticia.com.br\/noticia\/2009\/programa-%e2%80%9cminha-casa-minha-vida%e2%80%9d-lancado-a-sete-dias-tem-1300-inscritos-em-ji-parana\/2621","title":{"rendered":"Programa \u201cMinha Casa, Minha Vida\u201d lan\u00e7ado ha sete dias tem 1.300 inscritos em Ji-Paran\u00e1"},"content":{"rendered":"<p class=\"western\"><span style=\"font-size: 11pt; font-family: Arial; color: windowtext;\">O n\u00famero de inscritos no programa \u201cMinha Casa, Minha Vida\u201d surpreende a administra\u00e7\u00e3o municipal. J\u00e1 s\u00e3o mais de 1.300 cadastros no site <a href=\"www.ji-paran\u00e1.ro.gov\">www.ji-paran\u00e1.ro.gov.br<\/a> em 6 dias.<\/span><\/p>\n<p class=\"western\"><span style=\"font-size: 11pt; font-family: Arial; color: windowtext;\">A Secretaria Municipal de Assist\u00eancia Social espera alcan\u00e7ar 12.000 inscri\u00e7\u00f5es. N\u00e3o h\u00e1 prazo para finalizar o cadastro mas a Secretaria Sonia Reigota garante que ser\u00e1 superior a 60 dias e amplamente divulgado.<\/span><\/p>\n<p class=\"western\"><span style=\"font-size: 11pt; font-family: Arial; color: windowtext;\">O protocolo gerado no final do cadastro deve ser guardado at\u00e9 o \u00faltimo sorteio, os quais ser\u00e3o feitos pela caixa econ\u00f4mica federal.<\/span><\/p>\n<p class=\"western\"><span style=\"font-size: 11pt; font-family: Arial; color: windowtext;\">Os terrenos para a constru\u00e7\u00e3o das casas ainda n\u00e3o foram definidos mas o prefeito Bianco estuda a possibilidade de atender aos dois distritos de Ji-Paran\u00e1.<\/span><\/p>\n","protected":false},"excerpt":{"rendered":"<p>O n\u00famero de inscritos no programa \u201cMinha Casa, Minha Vida\u201d surpreende a administra\u00e7\u00e3o municipal. J\u00e1 s\u00e3o mais de 1.300 cadastros no site www.ji-paran\u00e1.ro.gov.br em 6 dias. A Secretaria Municipal de Assist\u00eancia Social espera alcan\u00e7ar 12.000 inscri\u00e7\u00f5es. N\u00e3o h\u00e1 prazo para finalizar o cadastro mas a Secretaria Sonia Reigota garante que ser\u00e1 superior a 60 dias [&hellip;]<\/p>\n","protected":false},"author":3,"featured_media":0,"comment_status":"open","ping_status":"open","sticky":false,"template":"","format":"standard","meta":{"tdm_status":"","tdm_grid_status":"","footnotes":""},"categories":[22,7],"tags":[],"class_list":{"0":"post-2621","1":"post","2":"type-post","3":"status-publish","4":"format-standard","6":"category-brasil","7":"category-economia"},"_links":{"self":[{"href":"https:\/\/migracao.redenoticia.com.br\/noticia\/wp-json\/wp\/v2\/posts\/2621","targetHints":{"allow":["GET"]}}],"collection":[{"href":"https:\/\/migracao.redenoticia.com.br\/noticia\/wp-json\/wp\/v2\/posts"}],"about":[{"href":"https:\/\/migracao.redenoticia.com.br\/noticia\/wp-json\/wp\/v2\/types\/post"}],"author":[{"embeddable":true,"href":"https:\/\/migracao.redenoticia.com.br\/noticia\/wp-json\/wp\/v2\/users\/3"}],"replies":[{"embeddable":true,"href":"https:\/\/migracao.redenoticia.com.br\/noticia\/wp-json\/wp\/v2\/comments?post=2621"}],"version-history":[{"count":0,"href":"https:\/\/migracao.redenoticia.com.br\/noticia\/wp-json\/wp\/v2\/posts\/2621\/revisions"}],"wp:attachment":[{"href":"https:\/\/migracao.redenoticia.com.br\/noticia\/wp-json\/wp\/v2\/media?parent=2621"}],"wp:term":[{"taxonomy":"category","embeddable":true,"href":"https:\/\/migracao.redenoticia.com.br\/noticia\/wp-json\/wp\/v2\/categories?post=2621"},{"taxonomy":"post_tag","embeddable":true,"href":"https:\/\/migracao.redenoticia.com.br\/noticia\/wp-json\/wp\/v2\/tags?post=2621"}],"curies":[{"name":"wp","href":"https:\/\/api.w.org\/{rel}","templated":true}]}}