{"id":2625,"date":"2009-06-09T14:54:47","date_gmt":"2009-06-09T18:54:47","guid":{"rendered":"http:\/\/www.redenoticia.com.br\/noticia\/?p=2625"},"modified":"2009-06-09T17:52:21","modified_gmt":"2009-06-09T21:52:21","slug":"dia-de-corpus-christis-nao-e-feriado-em-ji-parana","status":"publish","type":"post","link":"https:\/\/migracao.redenoticia.com.br\/noticia\/2009\/dia-de-corpus-christis-nao-e-feriado-em-ji-parana\/2625","title":{"rendered":"Dia de Corpus Christis n\u00e3o \u00e9 feriado em Ji-Paran\u00e1"},"content":{"rendered":"<p>Ao contr\u00e1rio do que a maioria pensa, Corpus Christi n\u00e3o \u00e9 um feriado nacional. A data faz parte da lista de feriados municipais e n\u00e3o \u00e9 celebrada com dispensa do trabalho em todas as cidades. Aqui em Rond\u00f4nia v\u00e1rias cidades n\u00e3o tem lei espec\u00edfica sobre este feriado, incusive Ji-Paran\u00e1.<\/p>\n<p>Em 2007, a comiss\u00e3o de Educa\u00e7\u00e3o do Senado aprovou projeto do senador Valdir Raupp (PMDB-RO) propondo a transforma\u00e7\u00e3o em feriados nacionais da ter\u00e7a-feira de Carnaval, da sexta-feira da Paix\u00e3o e da quinta-feira de Corpus Christi.\u00a0A proposta, no entanto, foi arquivada pela C\u00e2mara dos Deputados, com base no princ\u00edpio da laicidade.<\/p>\n<p>Com estes argumentos e pela proximidade do dia dos namorados, de intenso movimento no com\u00e9rico, o CDL de Ji-Paran\u00e1 enviou um comunicado aos lojistas orientando-os a, se possivel, abrir as lojas na pe\u00f3xima \u00a0quinta feira:<\/p>\n<p><span style=\"font-family: 'Times New Roman'; font-size: small;\">&#8220;A C\u00e2mara de Dirigentes Lojistas de Ji-Paran\u00e1 (CDL) informa que no pr\u00f3ximo dia 11, dia de Corpus Christi, os com\u00e9rcios do munic\u00edpio poder\u00e3o estar abertos. A decis\u00e3o foi tomada na ultima segunda-feira (8), durante uma reuni\u00e3o do Sindicato dos Lojistas de Ji-Paran\u00e1 (SINJILOJAS).<\/span><\/p>\n<p align=\"justify\"><span style=\"font-family: 'Times New Roman'; font-size: small;\">\u201cApesar da import\u00e2ncia da data, ela n\u00e3o \u00e9 considerada um feriado. Por isso deixamos a crit\u00e9rio dos lojistas abrir ou n\u00e3o seus estabelecimentos. Afinal de contas o dia antecede uma data comercial importante que \u00e9 o Dia dos Namorados\u201d, informou o Presidente da CDL, Osmar Farin\u00e1cio.<\/span><\/p>\n<p align=\"justify\"><span style=\"font-family: 'Times New Roman'; font-size: small;\">O setor jur\u00eddico da CDL consultou a legisla\u00e7\u00e3o do munic\u00edpio e verificou-se a inexist\u00eancia de lei que consagre o dia de Corpus Christi feriado, e n\u00e3o havendo lei municipal estabelecendo o feriado, o trabalho neste dia ser\u00e1 normal e o n\u00e3o comparecimento ao trabalho, acarretar\u00e1 preju\u00edzos salariais ao empregado.<\/span><\/p>\n<p>Assim, havendo interesse do associado em abrir\/funcionar no dia 11 de junho de 2009, n\u00e3o haver\u00e1 san\u00e7\u00f5es legais.&#8221;<\/p>\n","protected":false},"excerpt":{"rendered":"<p>Ao contr\u00e1rio do que a maioria pensa, Corpus Christi n\u00e3o \u00e9 um feriado nacional. A data faz parte da lista de feriados municipais e n\u00e3o \u00e9 celebrada com dispensa do trabalho em todas as cidades. Aqui em Rond\u00f4nia v\u00e1rias cidades n\u00e3o tem lei espec\u00edfica sobre este feriado, incusive Ji-Paran\u00e1. Em 2007, a comiss\u00e3o de Educa\u00e7\u00e3o [&hellip;]<\/p>\n","protected":false},"author":2,"featured_media":0,"comment_status":"open","ping_status":"open","sticky":false,"template":"","format":"standard","meta":{"tdm_status":"","tdm_grid_status":"","footnotes":""},"categories":[22],"tags":[],"class_list":{"0":"post-2625","1":"post","2":"type-post","3":"status-publish","4":"format-standard","6":"category-brasil"},"_links":{"self":[{"href":"https:\/\/migracao.redenoticia.com.br\/noticia\/wp-json\/wp\/v2\/posts\/2625","targetHints":{"allow":["GET"]}}],"collection":[{"href":"https:\/\/migracao.redenoticia.com.br\/noticia\/wp-json\/wp\/v2\/posts"}],"about":[{"href":"https:\/\/migracao.redenoticia.com.br\/noticia\/wp-json\/wp\/v2\/types\/post"}],"author":[{"embeddable":true,"href":"https:\/\/migracao.redenoticia.com.br\/noticia\/wp-json\/wp\/v2\/users\/2"}],"replies":[{"embeddable":true,"href":"https:\/\/migracao.redenoticia.com.br\/noticia\/wp-json\/wp\/v2\/comments?post=2625"}],"version-history":[{"count":0,"href":"https:\/\/migracao.redenoticia.com.br\/noticia\/wp-json\/wp\/v2\/posts\/2625\/revisions"}],"wp:attachment":[{"href":"https:\/\/migracao.redenoticia.com.br\/noticia\/wp-json\/wp\/v2\/media?parent=2625"}],"wp:term":[{"taxonomy":"category","embeddable":true,"href":"https:\/\/migracao.redenoticia.com.br\/noticia\/wp-json\/wp\/v2\/categories?post=2625"},{"taxonomy":"post_tag","embeddable":true,"href":"https:\/\/migracao.redenoticia.com.br\/noticia\/wp-json\/wp\/v2\/tags?post=2625"}],"curies":[{"name":"wp","href":"https:\/\/api.w.org\/{rel}","templated":true}]}}