{"id":2632,"date":"2009-06-09T17:40:56","date_gmt":"2009-06-09T21:40:56","guid":{"rendered":"http:\/\/www.redenoticia.com.br\/noticia\/?p=2632"},"modified":"2009-06-09T17:52:46","modified_gmt":"2009-06-09T21:52:46","slug":"predio-da-agevisa-rondonia-nao-foi-interditado-pelo-corpo-de-bombeiros","status":"publish","type":"post","link":"https:\/\/migracao.redenoticia.com.br\/noticia\/2009\/predio-da-agevisa-rondonia-nao-foi-interditado-pelo-corpo-de-bombeiros\/2632","title":{"rendered":"Pr\u00e9dio da Agevisa Rond\u00f4nia n\u00e3o foi interditado pelo Corpo de Bombeiros"},"content":{"rendered":"<p align=\"justify\"><span style=\"font-family: Arial; font-size: small;\">Ao contr\u00e1rio do que foi divulgado na  imprensa, o pr\u00e9dio da Agencia Estadual de Vigil\u00e2ncia em Sa\u00fade (Agevisa Rond\u00f4nia), n\u00e3o foi  interditado pelo Corpo de Bombeiros. O trabalho dos servidores e o atendimento \u00e0  popula\u00e7\u00e3o n\u00e3o foram interrompidos. O fato contradit\u00f3rio ocorreu ap\u00f3s uma  den\u00fancia an\u00f4nima junto aos Bombeiros que reclamava da falta de estrutura do novo  pr\u00e9dio da Agevisa. Por causa da constru\u00e7\u00e3o do Centro Pol\u00edtico Administrativo  (CPA) o \u00f3rg\u00e3o precisou, esta semana, deixar o pr\u00e9dio da Esplanada das  Secret\u00e1rias.<\/span><\/p>\n<p align=\"justify\"><span style=\"font-family: Arial; font-size: small;\">\u201cOs bombeiros estiveram no pr\u00e9dio,  avaliaram as condi\u00e7\u00f5es e n\u00e3o interditaram o local. Eles evacuaram o pr\u00e9dio,  fizeram \u00e0 vistoria e emitiram pontos de adequa\u00e7\u00e3o. Agora temos o prazo de 10  dias para regularizar a situa\u00e7\u00e3o. Os pontos que precisam ser alterados s\u00e3o as  sinaliza\u00e7\u00f5es dos extintores de inc\u00eandio, a coloca\u00e7\u00e3o de luzes de seguran\u00e7a nos  corredores e o corrim\u00e3o da escada. J\u00e1 estamos providenciando a adequa\u00e7\u00e3o\u201d,  afirmou Gilberto Mioto, diretor geral da Agevisa.<\/span><\/p>\n<p align=\"justify\"><span style=\"font-family: Arial; font-size: small;\"><strong>Estrutura avaliada e aprovada por  engenheiros<\/strong><\/span><\/p>\n<p align=\"justify\"><span style=\"font-family: Arial; font-size: small;\">Apesar da presen\u00e7a dos bombeiros ap\u00f3s a  den\u00fancia an\u00f4nima, a Agevisa havia solicitado a vistoria atrav\u00e9s de um oficio, no  \u00faltimo dia 26 de maio. A parte estrutural do pr\u00e9dio foi avaliada e aprovada  pelos engenheiros do Departamento estadual de Obras P\u00fablicas (Deosp). \u201cO pr\u00e9dio  apresenta condi\u00e7\u00f5es de estrutura e de trabalho. Estamos funcionando normalmente.  Quem precisar da Agevisa pode nos procurar nesse novo endere\u00e7o, na avenida  Na\u00e7\u00f5es\u00a0Unidas, no n\u00famero 1300, bairro do Roque\u201d, disse o diretor da  ag\u00eancia.<\/span><\/p>\n","protected":false},"excerpt":{"rendered":"<p>Ao contr\u00e1rio do que foi divulgado na imprensa, o pr\u00e9dio da Agencia Estadual de Vigil\u00e2ncia em Sa\u00fade (Agevisa Rond\u00f4nia), n\u00e3o foi interditado pelo Corpo de Bombeiros. O trabalho dos servidores e o atendimento \u00e0 popula\u00e7\u00e3o n\u00e3o foram interrompidos. O fato contradit\u00f3rio ocorreu ap\u00f3s uma den\u00fancia an\u00f4nima junto aos Bombeiros que reclamava da falta de estrutura [&hellip;]<\/p>\n","protected":false},"author":3,"featured_media":0,"comment_status":"open","ping_status":"open","sticky":false,"template":"","format":"standard","meta":{"tdm_status":"","tdm_grid_status":"","footnotes":""},"categories":[22],"tags":[],"class_list":{"0":"post-2632","1":"post","2":"type-post","3":"status-publish","4":"format-standard","6":"category-brasil"},"_links":{"self":[{"href":"https:\/\/migracao.redenoticia.com.br\/noticia\/wp-json\/wp\/v2\/posts\/2632","targetHints":{"allow":["GET"]}}],"collection":[{"href":"https:\/\/migracao.redenoticia.com.br\/noticia\/wp-json\/wp\/v2\/posts"}],"about":[{"href":"https:\/\/migracao.redenoticia.com.br\/noticia\/wp-json\/wp\/v2\/types\/post"}],"author":[{"embeddable":true,"href":"https:\/\/migracao.redenoticia.com.br\/noticia\/wp-json\/wp\/v2\/users\/3"}],"replies":[{"embeddable":true,"href":"https:\/\/migracao.redenoticia.com.br\/noticia\/wp-json\/wp\/v2\/comments?post=2632"}],"version-history":[{"count":0,"href":"https:\/\/migracao.redenoticia.com.br\/noticia\/wp-json\/wp\/v2\/posts\/2632\/revisions"}],"wp:attachment":[{"href":"https:\/\/migracao.redenoticia.com.br\/noticia\/wp-json\/wp\/v2\/media?parent=2632"}],"wp:term":[{"taxonomy":"category","embeddable":true,"href":"https:\/\/migracao.redenoticia.com.br\/noticia\/wp-json\/wp\/v2\/categories?post=2632"},{"taxonomy":"post_tag","embeddable":true,"href":"https:\/\/migracao.redenoticia.com.br\/noticia\/wp-json\/wp\/v2\/tags?post=2632"}],"curies":[{"name":"wp","href":"https:\/\/api.w.org\/{rel}","templated":true}]}}