{"id":2646,"date":"2009-06-09T18:15:50","date_gmt":"2009-06-09T22:15:50","guid":{"rendered":"http:\/\/www.redenoticia.com.br\/noticia\/?p=2646"},"modified":"2009-06-11T15:39:52","modified_gmt":"2009-06-11T19:39:52","slug":"educacao-fisica-realizara-passeio-ciclistico-em-ji-parana","status":"publish","type":"post","link":"https:\/\/migracao.redenoticia.com.br\/noticia\/2009\/educacao-fisica-realizara-passeio-ciclistico-em-ji-parana\/2646","title":{"rendered":"Educa\u00e7\u00e3o F\u00edsica realizar\u00e1 Passeio Cicl\u00edstico em Ji-Paran\u00e1"},"content":{"rendered":"<p><strong><span style=\"font-size: 10.5pt; font-family: Helvetica;\"><\/span><\/strong><span style=\"font-size: 9pt; font-family: Helvetica;\"><a href=\"https:\/\/migracao.redenoticia.com.br\/noticia\/imagens\/\/bicicleta.jpg\"><img loading=\"lazy\" decoding=\"async\" class=\"alignleft size-medium wp-image-2647\" title=\"bicicleta\" src=\"https:\/\/migracao.redenoticia.com.br\/noticia\/imagens\/\/bicicleta-249x187.jpg\" alt=\"bicicleta\" width=\"249\" height=\"187\" \/><\/a>O curso de Educa\u00e7\u00e3o F\u00edsica do CEULJI\/ULBRA estar\u00e1 promovendo na pr\u00f3xima quinta-feira (11),\u00a0a partir das\u00a07h30, o 3\u00b0 Passeio Cicl\u00edstico em Ji-Paran\u00e1.<\/span><\/p>\n<p style=\"line-height: 15.6pt;\"><span style=\"font-size: 9pt; font-family: Helvetica;\">A largada ser\u00e1 do Posto Jot\u00e3o (Posto Vit\u00f3ria V) percorrendo a Av. Brasil at\u00e9 a T-20, retornando pela Av. Curitiba.<\/p>\n<p>Segundo o professor do curso, Ewerton Zardo, ser\u00e3o sorteados v\u00e1rios brindes para os participantes. A premia\u00e7\u00e3o ser\u00e1 para a maior e menor bicicleta, a mais enfeitada al\u00e9m do ciclista mais novo e mais idoso. &#8220;Dessa forma queremos dar \u00eanfase a import\u00e2ncia da atividade f\u00edsica atrav\u00e9s do ciclimo&#8221;, destacou o professor.<br \/>\n<\/span><\/p>\n<p class=\"MsoNormal\" style=\"line-height: 15.6pt;\"><span class=\"small\"><span style=\"font-size: 8.5pt; font-family: Helvetica; color: windowtext;\">Alexandre Almeida <\/span><\/span><span style=\"font-size: 9pt; font-family: Helvetica;\"> <\/span><\/p>\n","protected":false},"excerpt":{"rendered":"<p>O curso de Educa\u00e7\u00e3o F\u00edsica do CEULJI\/ULBRA estar\u00e1 promovendo na pr\u00f3xima quinta-feira (11),\u00a0a partir das\u00a07h30, o 3\u00b0 Passeio Cicl\u00edstico em Ji-Paran\u00e1. A largada ser\u00e1 do Posto Jot\u00e3o (Posto Vit\u00f3ria V) percorrendo a Av. Brasil at\u00e9 a T-20, retornando pela Av. Curitiba. Segundo o professor do curso, Ewerton Zardo, ser\u00e3o sorteados v\u00e1rios brindes para os participantes. [&hellip;]<\/p>\n","protected":false},"author":3,"featured_media":0,"comment_status":"open","ping_status":"open","sticky":false,"template":"","format":"standard","meta":{"tdm_status":"","tdm_grid_status":"","footnotes":""},"categories":[22],"tags":[],"class_list":{"0":"post-2646","1":"post","2":"type-post","3":"status-publish","4":"format-standard","6":"category-brasil"},"_links":{"self":[{"href":"https:\/\/migracao.redenoticia.com.br\/noticia\/wp-json\/wp\/v2\/posts\/2646","targetHints":{"allow":["GET"]}}],"collection":[{"href":"https:\/\/migracao.redenoticia.com.br\/noticia\/wp-json\/wp\/v2\/posts"}],"about":[{"href":"https:\/\/migracao.redenoticia.com.br\/noticia\/wp-json\/wp\/v2\/types\/post"}],"author":[{"embeddable":true,"href":"https:\/\/migracao.redenoticia.com.br\/noticia\/wp-json\/wp\/v2\/users\/3"}],"replies":[{"embeddable":true,"href":"https:\/\/migracao.redenoticia.com.br\/noticia\/wp-json\/wp\/v2\/comments?post=2646"}],"version-history":[{"count":0,"href":"https:\/\/migracao.redenoticia.com.br\/noticia\/wp-json\/wp\/v2\/posts\/2646\/revisions"}],"wp:attachment":[{"href":"https:\/\/migracao.redenoticia.com.br\/noticia\/wp-json\/wp\/v2\/media?parent=2646"}],"wp:term":[{"taxonomy":"category","embeddable":true,"href":"https:\/\/migracao.redenoticia.com.br\/noticia\/wp-json\/wp\/v2\/categories?post=2646"},{"taxonomy":"post_tag","embeddable":true,"href":"https:\/\/migracao.redenoticia.com.br\/noticia\/wp-json\/wp\/v2\/tags?post=2646"}],"curies":[{"name":"wp","href":"https:\/\/api.w.org\/{rel}","templated":true}]}}