{"id":26506,"date":"2010-04-22T09:55:50","date_gmt":"2010-04-22T13:55:50","guid":{"rendered":"http:\/\/www.redenoticia.com.br\/noticia\/?p=26506"},"modified":"2012-04-02T15:44:33","modified_gmt":"2012-04-02T18:44:33","slug":"bela-a-feia-cintia-declara-guerra-contra-valentina","status":"publish","type":"post","link":"https:\/\/migracao.redenoticia.com.br\/noticia\/2010\/bela-a-feia-cintia-declara-guerra-contra-valentina\/26506","title":{"rendered":"Bela, a Feia \u2013 C\u00edntia declara guerra contra Valentina"},"content":{"rendered":"<p><strong><em><img loading=\"lazy\" decoding=\"async\" class=\"alignleft size-full wp-image-17359\" title=\"novela record bela a feia\" src=\"https:\/\/migracao.redenoticia.com.br\/noticia\/imagens\/novela-record-bela-a-feia.jpg\" alt=\"\" width=\"300\" height=\"193\" srcset=\"https:\/\/migracao.redenoticia.com.br\/noticia\/imagens\/novela-record-bela-a-feia.jpg 300w, https:\/\/migracao.redenoticia.com.br\/noticia\/imagens\/novela-record-bela-a-feia-250x160.jpg 250w, https:\/\/migracao.redenoticia.com.br\/noticia\/imagens\/novela-record-bela-a-feia-150x96.jpg 150w\" sizes=\"auto, (max-width: 300px) 100vw, 300px\" \/>Bela, a Feia<\/em><\/strong> \u2013 na <strong><em>novela<\/em><\/strong> da <strong><em>Rede Record<\/em><\/strong>, Bela, a Feia, a nova rival de <strong><em>Velentina<\/em><\/strong> \u00e9 C\u00edntia, que promete tirar a rival da presid\u00eancia. Em Bela, a Feia, no cap\u00edtulo que ser\u00e1 exibido pela Rede Record em 22\/4\/2010, Dinho e Ataulfo ficam impressionados com a beleza de Valentina ao verem sua foto no computador. Os dois planejam sequestr\u00e1-la o quanto antes. Rodrigo diz estar muito esperan\u00e7oso em rela\u00e7\u00e3o ao cliente internacional assim como em rela\u00e7\u00e3o \u00e0 poss\u00edvel parceria com a Mais Brasil. Os dois comemoram e trocam beijos apaixonados. Samantha fica feliz pelo casamento de Nati e Max. Luddy, no entanto, continua indignada e n\u00e3o perde a chance de provocar o casal. Max e Nati ficam chocados quando Samantha conta o estado em que Luddy chegou em casa.\u00a0<br \/>\nSamantha se d\u00e1 conta de que foi enganada mais uma vez e chora por n\u00e3o saber como agir com a filha em Bela, a Feia. Rodrigo conta para Bela que pensou em investigar sua falsa morte. Bela fica envaidecida. Victor Hugo zomba Magdalena, que,ap\u00f3s saber do casamento de Max, diz ter vontade de se casar com Ign\u00e1cio. Vera conta para Bela que Max ir\u00e1 se casar. Vera tamb\u00e9m fala sobre as dificuldades financeiras de Samantha e Bela decide arrumar um emprego na Mais Brasil.<\/p>\n<p>C\u00edntia fica incomodada ao ouvir os pais elogiando Valentina, em Bela, a Feia. Ela promete tirar Valentina da presid\u00eancia. Carminha e Berenice fofocam sobre o sequestro de Ver\u00f4nica. Carminha acredita que tenha sido uma arma\u00e7\u00e3o para tirar mais dinheiro de Ricardo. Todos da Mais Brasil elogiam o clima da ag\u00eancia, quando Ver\u00f4nica chega assustando Diogo, T\u00e2nia e Dinor\u00e1. Ricardo conversa com Ariosto e diz que Ver\u00f4nica est\u00e1 salva. Rodrigo e Rodolfo aguardam ansiosos Valentina confirmar o contrato com os empres\u00e1rios estrangeiros. Ver\u00f4nica mente que passou uns dias num spa. Ela fica irritada ao encontrar Valentina na ag\u00eancia.<\/p>\n<p>Ataulfo e Dinho pretendem seguir Valentina para que nada d\u00ea errado no seq\u00fcestro, em Bela, a Feia. \u00cdcaro marca de encontrar Sheyla em um lugar onde ningu\u00e9m os veja. Ela estranha e decide ir ao sal\u00e3o enfrentar Haroldo, mas \u00cdcaro a impede. Olga faz visita surpresa \u00e0 dona Eul\u00e1lia. Daniel, utivo estrangeiro, fica encantado com Valentina. Elvira diz estar ansiosa para conhecer Valentina. Ataulfo apresenta Dinho para Olga. Clemente e as crian\u00e7as tamb\u00e9m revelam estar curiosos para conhecer Valentina. Dinho e Ataulfo cometem algumas gafes, mas Olga n\u00e3o percebe. Bela se sente vitoriosa ao fechar contrato com os utivos estrangeiros.<\/p>\n<p>Bela, a Feia \u2013 novela da Rede Record<\/p>\n","protected":false},"excerpt":{"rendered":"<p>Bela, a Feia \u2013 na novela da Rede Record, Bela, a Feia, a nova rival de Velentina \u00e9 C\u00edntia, que promete tirar a rival da presid\u00eancia. Em Bela, a Feia, no cap\u00edtulo que ser\u00e1 exibido pela Rede Record em 22\/4\/2010, Dinho e Ataulfo ficam impressionados com a beleza de Valentina ao verem sua foto no [&hellip;]<\/p>\n","protected":false},"author":3,"featured_media":17359,"comment_status":"open","ping_status":"open","sticky":false,"template":"","format":"standard","meta":{"tdm_status":"","tdm_grid_status":"","footnotes":""},"categories":[22,379,371,343],"tags":[],"class_list":{"0":"post-26506","1":"post","2":"type-post","3":"status-publish","4":"format-standard","5":"has-post-thumbnail","7":"category-brasil","8":"category-novelas","9":"category-rede-record","10":"category-televisao"},"_links":{"self":[{"href":"https:\/\/migracao.redenoticia.com.br\/noticia\/wp-json\/wp\/v2\/posts\/26506","targetHints":{"allow":["GET"]}}],"collection":[{"href":"https:\/\/migracao.redenoticia.com.br\/noticia\/wp-json\/wp\/v2\/posts"}],"about":[{"href":"https:\/\/migracao.redenoticia.com.br\/noticia\/wp-json\/wp\/v2\/types\/post"}],"author":[{"embeddable":true,"href":"https:\/\/migracao.redenoticia.com.br\/noticia\/wp-json\/wp\/v2\/users\/3"}],"replies":[{"embeddable":true,"href":"https:\/\/migracao.redenoticia.com.br\/noticia\/wp-json\/wp\/v2\/comments?post=26506"}],"version-history":[{"count":0,"href":"https:\/\/migracao.redenoticia.com.br\/noticia\/wp-json\/wp\/v2\/posts\/26506\/revisions"}],"wp:featuredmedia":[{"embeddable":true,"href":"https:\/\/migracao.redenoticia.com.br\/noticia\/wp-json\/wp\/v2\/media\/17359"}],"wp:attachment":[{"href":"https:\/\/migracao.redenoticia.com.br\/noticia\/wp-json\/wp\/v2\/media?parent=26506"}],"wp:term":[{"taxonomy":"category","embeddable":true,"href":"https:\/\/migracao.redenoticia.com.br\/noticia\/wp-json\/wp\/v2\/categories?post=26506"},{"taxonomy":"post_tag","embeddable":true,"href":"https:\/\/migracao.redenoticia.com.br\/noticia\/wp-json\/wp\/v2\/tags?post=26506"}],"curies":[{"name":"wp","href":"https:\/\/api.w.org\/{rel}","templated":true}]}}