{"id":26535,"date":"2010-04-22T12:10:56","date_gmt":"2010-04-22T16:10:56","guid":{"rendered":"http:\/\/www.redenoticia.com.br\/noticia\/?p=26535"},"modified":"2010-04-22T12:10:56","modified_gmt":"2010-04-22T16:10:56","slug":"band-exibe-miss-sao-paulo-no-dia-24","status":"publish","type":"post","link":"https:\/\/migracao.redenoticia.com.br\/noticia\/2010\/band-exibe-miss-sao-paulo-no-dia-24\/26535","title":{"rendered":"Band exibe Miss S\u00e3o Paulo no dia 24"},"content":{"rendered":"<p><img loading=\"lazy\" decoding=\"async\" class=\"alignleft size-full wp-image-26536\" title=\"miss sao paulo band foto divulgacao 3\" src=\"https:\/\/migracao.redenoticia.com.br\/noticia\/imagens\/miss-sao-paulo-band-foto-divulgacao-3.jpg\" alt=\"\" width=\"300\" height=\"193\" srcset=\"https:\/\/migracao.redenoticia.com.br\/noticia\/imagens\/miss-sao-paulo-band-foto-divulgacao-3.jpg 300w, https:\/\/migracao.redenoticia.com.br\/noticia\/imagens\/miss-sao-paulo-band-foto-divulgacao-3-250x160.jpg 250w, https:\/\/migracao.redenoticia.com.br\/noticia\/imagens\/miss-sao-paulo-band-foto-divulgacao-3-150x96.jpg 150w\" sizes=\"auto, (max-width: 300px) 100vw, 300px\" \/>Pelo quinto ano consecutivo a Band exibe o concurso que vai eleger a mulher mais linda de todo o estado. Com apresenta\u00e7\u00e3o de Ot\u00e1vio Mesquita, a 55 \u00aa edi\u00e7\u00e3o do <strong><em>Miss S\u00e3o Paulo<\/em><\/strong> ser\u00e1 realizada no Memorial da Am\u00e9rica Latina e contar\u00e1 com a participa\u00e7\u00e3o de 40 candidatas de diversas cidades. Elas disputar\u00e3o o direito de suceder a atual Miss S\u00e3o Paulo Silvia Novais e representar o estado no concurso de Miss Brasil, em maio.<\/p>\n<p>Sidney Magal, D&#8217;Black e Negra Li j\u00e1 est\u00e3o confirmados como atra\u00e7\u00f5es musicais da transmiss\u00e3o, que come\u00e7a \u00e0s 22h. Mas antes do dia do evento, as 40 candidatas ter\u00e3o muito trabalho pela frente. A partir desta sexta-feira, elas se concentram num hotel em S\u00e3o Paulo para uma maratona de ensaios, provas de roupas e testes de maquiagem e cabelo.<\/p>\n<p>As belas tamb\u00e9m far\u00e3o passeios pela capital e participar\u00e3o de almo\u00e7os e jantares de confraterniza\u00e7\u00e3o, tudo sob o registro das c\u00e2meras da Band. O making of desses dias de prepara\u00e7\u00e3o ser\u00e1 exibido no dia do concurso. A apresentadora Nadja Haddad vai comandar os bastidores do evento, entrevistando celebridades e acompanhando de perto a expectativa das candidatas.<\/p>\n<p>A 56\u00aa edi\u00e7\u00e3o nacional tamb\u00e9m j\u00e1 tem data e local definidos. O Miss Brasil acontece este ano tamb\u00e9m no Memorial da Am\u00e9rica Latina, em S\u00e3o Paulo no dia 8 de Maio.<\/p>\n<p>N\u00faria Coelho<\/p>\n<p>Foto Divulga\u00e7\u00e3o<\/p>\n","protected":false},"excerpt":{"rendered":"<p>Pelo quinto ano consecutivo a Band exibe o concurso que vai eleger a mulher mais linda de todo o estado. Com apresenta\u00e7\u00e3o de Ot\u00e1vio Mesquita, a 55 \u00aa edi\u00e7\u00e3o do Miss S\u00e3o Paulo ser\u00e1 realizada no Memorial da Am\u00e9rica Latina e contar\u00e1 com a participa\u00e7\u00e3o de 40 candidatas de diversas cidades. Elas disputar\u00e3o o direito [&hellip;]<\/p>\n","protected":false},"author":3,"featured_media":26536,"comment_status":"open","ping_status":"open","sticky":false,"template":"","format":"standard","meta":{"tdm_status":"","tdm_grid_status":"","footnotes":""},"categories":[22,343],"tags":[],"class_list":{"0":"post-26535","1":"post","2":"type-post","3":"status-publish","4":"format-standard","5":"has-post-thumbnail","7":"category-brasil","8":"category-televisao"},"_links":{"self":[{"href":"https:\/\/migracao.redenoticia.com.br\/noticia\/wp-json\/wp\/v2\/posts\/26535","targetHints":{"allow":["GET"]}}],"collection":[{"href":"https:\/\/migracao.redenoticia.com.br\/noticia\/wp-json\/wp\/v2\/posts"}],"about":[{"href":"https:\/\/migracao.redenoticia.com.br\/noticia\/wp-json\/wp\/v2\/types\/post"}],"author":[{"embeddable":true,"href":"https:\/\/migracao.redenoticia.com.br\/noticia\/wp-json\/wp\/v2\/users\/3"}],"replies":[{"embeddable":true,"href":"https:\/\/migracao.redenoticia.com.br\/noticia\/wp-json\/wp\/v2\/comments?post=26535"}],"version-history":[{"count":0,"href":"https:\/\/migracao.redenoticia.com.br\/noticia\/wp-json\/wp\/v2\/posts\/26535\/revisions"}],"wp:featuredmedia":[{"embeddable":true,"href":"https:\/\/migracao.redenoticia.com.br\/noticia\/wp-json\/wp\/v2\/media\/26536"}],"wp:attachment":[{"href":"https:\/\/migracao.redenoticia.com.br\/noticia\/wp-json\/wp\/v2\/media?parent=26535"}],"wp:term":[{"taxonomy":"category","embeddable":true,"href":"https:\/\/migracao.redenoticia.com.br\/noticia\/wp-json\/wp\/v2\/categories?post=26535"},{"taxonomy":"post_tag","embeddable":true,"href":"https:\/\/migracao.redenoticia.com.br\/noticia\/wp-json\/wp\/v2\/tags?post=26535"}],"curies":[{"name":"wp","href":"https:\/\/api.w.org\/{rel}","templated":true}]}}