{"id":26539,"date":"2010-04-22T12:21:43","date_gmt":"2010-04-22T16:21:43","guid":{"rendered":"http:\/\/www.redenoticia.com.br\/noticia\/?p=26539"},"modified":"2010-04-22T12:21:43","modified_gmt":"2010-04-22T16:21:43","slug":"miss-sao-paulo-%e2%80%93-passeios-e-ensaios-das-40-candidatas","status":"publish","type":"post","link":"https:\/\/migracao.redenoticia.com.br\/noticia\/2010\/miss-sao-paulo-%e2%80%93-passeios-e-ensaios-das-40-candidatas\/26539","title":{"rendered":"Miss S\u00e3o Paulo \u2013 passeios e ensaios das 40 candidatas"},"content":{"rendered":"<p><strong><em><img loading=\"lazy\" decoding=\"async\" class=\"alignleft size-full wp-image-26540\" title=\"miss sao paulo band foto divulgacao 2\" src=\"https:\/\/migracao.redenoticia.com.br\/noticia\/imagens\/miss-sao-paulo-band-foto-divulgacao-2.jpg\" alt=\"\" width=\"300\" height=\"193\" srcset=\"https:\/\/migracao.redenoticia.com.br\/noticia\/imagens\/miss-sao-paulo-band-foto-divulgacao-2.jpg 300w, https:\/\/migracao.redenoticia.com.br\/noticia\/imagens\/miss-sao-paulo-band-foto-divulgacao-2-250x160.jpg 250w, https:\/\/migracao.redenoticia.com.br\/noticia\/imagens\/miss-sao-paulo-band-foto-divulgacao-2-150x96.jpg 150w\" sizes=\"auto, (max-width: 300px) 100vw, 300px\" \/>Miss S\u00e3o Paulo<\/em><\/strong> &#8211; as candidatas ao t\u00edtulo de mulher mais bonita de S\u00e3o Paulo foram &#8220;tietar&#8221; <strong><em>Felipe Andreoli<\/em><\/strong>. O rep\u00f3rter do CQC recebeu as 40 mo\u00e7as no seu show &#8220;Que Hist\u00f3ria \u00c9 Essa?&#8221;, no Teatro Folha, na noite de ter\u00e7a-feira (20\/04). Elas riram muito e, claro, foram alvo das brincadeiras do jornalista. No final, tiraram fotos com ele e at\u00e9 o carregaram no colo. Antes do show Felipe brincou: &#8220;Meninas, minha m\u00e3e vem ao meu show hoje, mas n\u00e3o pra me ver. Ela vem escolher sua futura nora&#8221;. Ap\u00f3s o teatro as meninas seguiram para a Pizzaria do Moraes.<\/p>\n<p>Na quarta-feira, em pleno feriado, as 40 candidatas do concurso Miss SP trabalharam duro. As meninas j\u00e1 estavam tomando o caf\u00e9 da manh\u00e3 \u00e0s 8 horas, e \u00e0s 9, come\u00e7aram o ensaio com o preparador e core\u00f3grafo Oswald Berry. Elas ensaiaram exaustivamente durante todo o dia para o Miss S\u00e3o Paulo. Mas \u00e0 noite veio a recompensa: uma noite de salsa e merengue no Rey Castro.<\/p>\n<p>Hoje acontece o primeiro ensaio geral no local do Miss S\u00e3o Paulo. O Memorial da Am\u00e9rica Latina j\u00e1 est\u00e1 pronto pra receber as candidatas ao t\u00edtulo de mulher mais bela do Estado de S\u00e3o Paulo.<\/p>\n<p>A Band exibe Miss S\u00e3o Paulo no dia 24. A 56\u00aa edi\u00e7\u00e3o nacional tamb\u00e9m j\u00e1 tem data e local definidos. O <strong><em>Miss Brasil<\/em><\/strong> acontece este ano tamb\u00e9m no Memorial da Am\u00e9rica Latina, em S\u00e3o Paulo no dia 8 de Maio.<\/p>\n<p>Miss S\u00e3o Paulo &#8211;\u00a0N\u00faria Coelho<\/p>\n<p>Foto Divulga\u00e7\u00e3o<\/p>\n","protected":false},"excerpt":{"rendered":"<p>Miss S\u00e3o Paulo &#8211; as candidatas ao t\u00edtulo de mulher mais bonita de S\u00e3o Paulo foram &#8220;tietar&#8221; Felipe Andreoli. O rep\u00f3rter do CQC recebeu as 40 mo\u00e7as no seu show &#8220;Que Hist\u00f3ria \u00c9 Essa?&#8221;, no Teatro Folha, na noite de ter\u00e7a-feira (20\/04). Elas riram muito e, claro, foram alvo das brincadeiras do jornalista. No final, [&hellip;]<\/p>\n","protected":false},"author":3,"featured_media":26541,"comment_status":"open","ping_status":"open","sticky":false,"template":"","format":"standard","meta":{"tdm_status":"","tdm_grid_status":"","footnotes":""},"categories":[22,343],"tags":[],"class_list":{"0":"post-26539","1":"post","2":"type-post","3":"status-publish","4":"format-standard","5":"has-post-thumbnail","7":"category-brasil","8":"category-televisao"},"_links":{"self":[{"href":"https:\/\/migracao.redenoticia.com.br\/noticia\/wp-json\/wp\/v2\/posts\/26539","targetHints":{"allow":["GET"]}}],"collection":[{"href":"https:\/\/migracao.redenoticia.com.br\/noticia\/wp-json\/wp\/v2\/posts"}],"about":[{"href":"https:\/\/migracao.redenoticia.com.br\/noticia\/wp-json\/wp\/v2\/types\/post"}],"author":[{"embeddable":true,"href":"https:\/\/migracao.redenoticia.com.br\/noticia\/wp-json\/wp\/v2\/users\/3"}],"replies":[{"embeddable":true,"href":"https:\/\/migracao.redenoticia.com.br\/noticia\/wp-json\/wp\/v2\/comments?post=26539"}],"version-history":[{"count":0,"href":"https:\/\/migracao.redenoticia.com.br\/noticia\/wp-json\/wp\/v2\/posts\/26539\/revisions"}],"wp:featuredmedia":[{"embeddable":true,"href":"https:\/\/migracao.redenoticia.com.br\/noticia\/wp-json\/wp\/v2\/media\/26541"}],"wp:attachment":[{"href":"https:\/\/migracao.redenoticia.com.br\/noticia\/wp-json\/wp\/v2\/media?parent=26539"}],"wp:term":[{"taxonomy":"category","embeddable":true,"href":"https:\/\/migracao.redenoticia.com.br\/noticia\/wp-json\/wp\/v2\/categories?post=26539"},{"taxonomy":"post_tag","embeddable":true,"href":"https:\/\/migracao.redenoticia.com.br\/noticia\/wp-json\/wp\/v2\/tags?post=26539"}],"curies":[{"name":"wp","href":"https:\/\/api.w.org\/{rel}","templated":true}]}}