{"id":2654,"date":"2009-06-10T16:30:58","date_gmt":"2009-06-10T20:30:58","guid":{"rendered":"http:\/\/www.redenoticia.com.br\/noticia\/?p=2654"},"modified":"2009-06-10T17:05:54","modified_gmt":"2009-06-10T21:05:54","slug":"secretario-convocado-a-comparecer-na-proxima-sessao-da-camara-de-ji-parana","status":"publish","type":"post","link":"https:\/\/migracao.redenoticia.com.br\/noticia\/2009\/secretario-convocado-a-comparecer-na-proxima-sessao-da-camara-de-ji-parana\/2654","title":{"rendered":"Secret\u00e1rio convocado a comparecer na pr\u00f3xima sess\u00e3o da C\u00e2mara de Ji-Paran\u00e1"},"content":{"rendered":"<p class=\"MsoNormal\"><span style=\"font-size: 11pt; font-family: Arial;\">Na sess\u00e3o da C\u00e2mara de Ji-Paran\u00e1 desta ter\u00e7a (9) foi aprovado por unanimidade, a pedido da Vereadora Solange Pereira (PMDB), a condu\u00e7\u00e3o <span>coercitiva<\/span> do ex vereador Reinaldo Pereira de Andrade e atual Secret\u00e1rio Municipal de Agricultura, para que compare\u00e7a na pr\u00f3xima sess\u00e3o.<\/span><\/p>\n<p class=\"MsoNormal\"><span style=\"font-size: 11pt; font-family: Arial;\">O secret\u00e1rio estava convidado para compor a mesa e falar sobre suas a\u00e7\u00f5es na sess\u00e3o desta ter\u00e7a e n\u00e3o compareceu.<\/span><\/p>\n<p class=\"MsoNormal\"><span style=\"font-size: 11pt; font-family: Arial;\">A vereadora Solange solicitou esta medida mas fez quest\u00e3o de frisar que n\u00e3o h\u00e1 nenhuma cobran\u00e7a priorit\u00e1ria. Ser\u00e3o feitas apenas indaga\u00e7\u00f5es sobre assuntos relacionados \u00e0 Secretaria.<\/span><\/p>\n","protected":false},"excerpt":{"rendered":"<p>Na sess\u00e3o da C\u00e2mara de Ji-Paran\u00e1 desta ter\u00e7a (9) foi aprovado por unanimidade, a pedido da Vereadora Solange Pereira (PMDB), a condu\u00e7\u00e3o coercitiva do ex vereador Reinaldo Pereira de Andrade e atual Secret\u00e1rio Municipal de Agricultura, para que compare\u00e7a na pr\u00f3xima sess\u00e3o. O secret\u00e1rio estava convidado para compor a mesa e falar sobre suas a\u00e7\u00f5es [&hellip;]<\/p>\n","protected":false},"author":3,"featured_media":0,"comment_status":"open","ping_status":"open","sticky":false,"template":"","format":"standard","meta":{"tdm_status":"","tdm_grid_status":"","footnotes":""},"categories":[7],"tags":[],"class_list":{"0":"post-2654","1":"post","2":"type-post","3":"status-publish","4":"format-standard","6":"category-economia"},"_links":{"self":[{"href":"https:\/\/migracao.redenoticia.com.br\/noticia\/wp-json\/wp\/v2\/posts\/2654","targetHints":{"allow":["GET"]}}],"collection":[{"href":"https:\/\/migracao.redenoticia.com.br\/noticia\/wp-json\/wp\/v2\/posts"}],"about":[{"href":"https:\/\/migracao.redenoticia.com.br\/noticia\/wp-json\/wp\/v2\/types\/post"}],"author":[{"embeddable":true,"href":"https:\/\/migracao.redenoticia.com.br\/noticia\/wp-json\/wp\/v2\/users\/3"}],"replies":[{"embeddable":true,"href":"https:\/\/migracao.redenoticia.com.br\/noticia\/wp-json\/wp\/v2\/comments?post=2654"}],"version-history":[{"count":0,"href":"https:\/\/migracao.redenoticia.com.br\/noticia\/wp-json\/wp\/v2\/posts\/2654\/revisions"}],"wp:attachment":[{"href":"https:\/\/migracao.redenoticia.com.br\/noticia\/wp-json\/wp\/v2\/media?parent=2654"}],"wp:term":[{"taxonomy":"category","embeddable":true,"href":"https:\/\/migracao.redenoticia.com.br\/noticia\/wp-json\/wp\/v2\/categories?post=2654"},{"taxonomy":"post_tag","embeddable":true,"href":"https:\/\/migracao.redenoticia.com.br\/noticia\/wp-json\/wp\/v2\/tags?post=2654"}],"curies":[{"name":"wp","href":"https:\/\/api.w.org\/{rel}","templated":true}]}}