{"id":26577,"date":"2010-04-22T17:38:36","date_gmt":"2010-04-22T21:38:36","guid":{"rendered":"http:\/\/www.redenoticia.com.br\/noticia\/?p=26577"},"modified":"2010-04-22T17:39:18","modified_gmt":"2010-04-22T21:39:18","slug":"mundial-de-tango","status":"publish","type":"post","link":"https:\/\/migracao.redenoticia.com.br\/noticia\/2010\/mundial-de-tango\/26577","title":{"rendered":"Mundial de tango"},"content":{"rendered":"<p><img loading=\"lazy\" decoding=\"async\" class=\"alignleft size-full wp-image-26578\" title=\"mundial do tango\" src=\"https:\/\/migracao.redenoticia.com.br\/noticia\/imagens\/mundial-do-tango.jpg\" alt=\"\" width=\"300\" height=\"193\" srcset=\"https:\/\/migracao.redenoticia.com.br\/noticia\/imagens\/mundial-do-tango.jpg 300w, https:\/\/migracao.redenoticia.com.br\/noticia\/imagens\/mundial-do-tango-250x160.jpg 250w, https:\/\/migracao.redenoticia.com.br\/noticia\/imagens\/mundial-do-tango-150x96.jpg 150w\" sizes=\"auto, (max-width: 300px) 100vw, 300px\" \/>Os apreciadores do tango ter\u00e3o uma boa oportunidade de acompanhar a dan\u00e7a de perto no maior evento nacional da categoria. Ap\u00f3s o lan\u00e7amento oficial do <strong><em>Mundial de Tango<\/em><\/strong> &#8211; Etapa Brasil em Curitiba, ocorrido dia 9 de abril, agora \u00e9 a vez do p\u00fablico paulistano ter acesso a todas as informa\u00e7\u00f5es sobre o campeonato. Neste s\u00e1bado (24\/4), ser\u00e1 lan\u00e7ado o Mundial de Tango em S\u00e3o Paulo, no Tango B&#8221; Aires, \u00e0s 22 horas. Na ocasi\u00e3o, os campe\u00f5es brasileiros de dan\u00e7a de sal\u00e3o, Regina Montticelli e Alex Colin, far\u00e3o uma apresenta\u00e7\u00e3o especial.\u00a0<\/p>\n<p>O torneio, que acontece em Curitiba entre os dias 16 e 18 de julho, qualifica os candidatos para o Campeonato Mundial de Tango, marcado para agosto, em Buenos Aires. A capital paranaense foi escolhida para ser a sede oficial do evento e uma das Sub-Sedes Mundiais.<\/p>\n<p>Os casais que pretendem disputar a etapa Brasil poder\u00e3o se inscrever nas categorias tango de sal\u00e3o e tango de palco. Os dois pares vencedores ser\u00e3o oficialmente declarados Campe\u00f5es Brasileiros, mediante j\u00fari autorizado por Buenos Aires e receber\u00e3o como premia\u00e7\u00e3o: Certificado Oficial, Ta\u00e7as de Campe\u00e3o e acesso direto \u00e0 competi\u00e7\u00e3o na capital argentina. Tamb\u00e9m ganhar\u00e3o passagens a\u00e9reas e hotel pagos pela produ\u00e7\u00e3o brasileira.<\/p>\n<p>Al\u00e9m das categorias sal\u00e3o e palco, haver\u00e1 a competi\u00e7\u00e3o na categoria Tango Novo. Essa dar\u00e1 direito \u00e0 premia\u00e7\u00e3o de Campe\u00e3o Brasileiro em Tango Novo, mas n\u00e3o premiar\u00e1 com o acesso ao Mundial em Buenos Aires, por tratar-se ainda de uma modalidade em disputa experimental. Os interessados em participar do campeonato podem ser inscrever pelo site oficial <a href=\"http:\/\/www.mundialdetango.com.br\" target=\"_blank\">www.mundialdetango.com.br<\/a> , onde encontrar-se-\u00e3o listadas as escolas conveniadas para esta finalidade.<\/p>\n<p>Servi\u00e7o:<\/p>\n<p>Lan\u00e7amento Mundial de Tango 2010 &#8211; Etapa Brasil em S\u00e3o Paulo<br \/>\nDia 24 de abril &#8211; \u00e0s 22h00<br \/>\nLocal: Tango B&#8221; Aires<br \/>\nRua Dr. Am\u00e2ncio de Carvalho, 23 &#8211; Vila Mariana<\/p>\n","protected":false},"excerpt":{"rendered":"<p>Os apreciadores do tango ter\u00e3o uma boa oportunidade de acompanhar a dan\u00e7a de perto no maior evento nacional da categoria. Ap\u00f3s o lan\u00e7amento oficial do Mundial de Tango &#8211; Etapa Brasil em Curitiba, ocorrido dia 9 de abril, agora \u00e9 a vez do p\u00fablico paulistano ter acesso a todas as informa\u00e7\u00f5es sobre o campeonato. Neste [&hellip;]<\/p>\n","protected":false},"author":3,"featured_media":26578,"comment_status":"open","ping_status":"open","sticky":false,"template":"","format":"standard","meta":{"tdm_status":"","tdm_grid_status":"","footnotes":""},"categories":[22,343],"tags":[],"class_list":{"0":"post-26577","1":"post","2":"type-post","3":"status-publish","4":"format-standard","5":"has-post-thumbnail","7":"category-brasil","8":"category-televisao"},"_links":{"self":[{"href":"https:\/\/migracao.redenoticia.com.br\/noticia\/wp-json\/wp\/v2\/posts\/26577","targetHints":{"allow":["GET"]}}],"collection":[{"href":"https:\/\/migracao.redenoticia.com.br\/noticia\/wp-json\/wp\/v2\/posts"}],"about":[{"href":"https:\/\/migracao.redenoticia.com.br\/noticia\/wp-json\/wp\/v2\/types\/post"}],"author":[{"embeddable":true,"href":"https:\/\/migracao.redenoticia.com.br\/noticia\/wp-json\/wp\/v2\/users\/3"}],"replies":[{"embeddable":true,"href":"https:\/\/migracao.redenoticia.com.br\/noticia\/wp-json\/wp\/v2\/comments?post=26577"}],"version-history":[{"count":0,"href":"https:\/\/migracao.redenoticia.com.br\/noticia\/wp-json\/wp\/v2\/posts\/26577\/revisions"}],"wp:featuredmedia":[{"embeddable":true,"href":"https:\/\/migracao.redenoticia.com.br\/noticia\/wp-json\/wp\/v2\/media\/26578"}],"wp:attachment":[{"href":"https:\/\/migracao.redenoticia.com.br\/noticia\/wp-json\/wp\/v2\/media?parent=26577"}],"wp:term":[{"taxonomy":"category","embeddable":true,"href":"https:\/\/migracao.redenoticia.com.br\/noticia\/wp-json\/wp\/v2\/categories?post=26577"},{"taxonomy":"post_tag","embeddable":true,"href":"https:\/\/migracao.redenoticia.com.br\/noticia\/wp-json\/wp\/v2\/tags?post=26577"}],"curies":[{"name":"wp","href":"https:\/\/api.w.org\/{rel}","templated":true}]}}