{"id":26634,"date":"2010-04-23T10:38:06","date_gmt":"2010-04-23T14:38:06","guid":{"rendered":"http:\/\/www.redenoticia.com.br\/noticia\/?p=26634"},"modified":"2010-04-24T19:29:18","modified_gmt":"2010-04-24T23:29:18","slug":"joao-demite-pan-no-aprendiz-universitario","status":"publish","type":"post","link":"https:\/\/migracao.redenoticia.com.br\/noticia\/2010\/joao-demite-pan-no-aprendiz-universitario\/26634","title":{"rendered":"Jo\u00e3o demite Pan no Aprendiz Universit\u00e1rio"},"content":{"rendered":"<p><strong><em><span style=\"font-style: normal; font-weight: normal;\"><img loading=\"lazy\" decoding=\"async\" class=\"alignleft size-full wp-image-23055\" title=\"joao doria aprendiz universitario\" src=\"https:\/\/migracao.redenoticia.com.br\/noticia\/imagens\/joao-doria-aprendiz-universitario.jpg\" alt=\"\" width=\"300\" height=\"193\" srcset=\"https:\/\/migracao.redenoticia.com.br\/noticia\/imagens\/joao-doria-aprendiz-universitario.jpg 300w, https:\/\/migracao.redenoticia.com.br\/noticia\/imagens\/joao-doria-aprendiz-universitario-250x160.jpg 250w, https:\/\/migracao.redenoticia.com.br\/noticia\/imagens\/joao-doria-aprendiz-universitario-150x96.jpg 150w\" sizes=\"auto, (max-width: 300px) 100vw, 300px\" \/><\/span>Aprendiz Universit\u00e1rio<\/em><\/strong> &#8211; no terceiro epis\u00f3dio de Aprendiz Universit\u00e1rio, exibido na <strong><em>Rede Record<\/em><\/strong> nesta quinta \u00e0 noite, dia 22, os aprendizes realizaram uma a\u00e7\u00e3o promocional para uma marca de tintas, em duas cidades do interior de S\u00e3o Paulo (Boituva e Porto Feliz). \u00a0Ap\u00f3s a campanha, divulga\u00e7\u00e3o e o resultado final, Jo\u00e3o Doria Jr. avaliou os aprendizes na sala de reuni\u00e3o e concluiu que <strong><em>Pan Chenxiang<\/em><\/strong> foi t\u00edmido e n\u00e3o teve iniciativa, perfil que n\u00e3o combina com o futuro ganhador do Aprendiz Universit\u00e1rio.<\/p>\n<p>Os conselheiros David Barioni e Cristiana Arcangeli acompanharam todo o desenvolvimento da prova e participam da avalia\u00e7\u00e3o dos candidatos.<\/p>\n<p>Nome completo: Pan Chenxiang;\u00a0Idade: 21 anos;\u00a0Data de nascimento: 05\/10\/1988;\u00a0Estado Civil: solteiro;\u00a0Cidade Natal: Wenzhou &#8211; China (veio para o Brasil com tr\u00eas anos de idade);\u00a0Mora em: Rio de Janeiro &#8211; RJ;\u00a0Gradu\u00e7\u00e3o: Est\u00e1 no 5\u00ba semestre de Engenharia El\u00e9trica na Universidade Federal do Rio de Janeiro &#8211; UFRJ, com t\u00e9rmino em dezembro de 2012;\u00a0L\u00ednguas: ingl\u00eas avan\u00e7ado e chin\u00eas b\u00e1sico;\u00a0Viagens: China;\u00a0Expectativa para o programa: &#8220;Acredito que vai acontecer uma disputa forte entre os candidatos. Espero tamb\u00e9m muitas novidades com o novo apresentador&#8221;;\u00a0Ponto forte: &#8220;Equil\u00edbrio&#8221;;\u00a0Ponto fraco: &#8220;Tenho dificuldade em confiar nas pessoas&#8221;;\u00a0Hobby: &#8220;Sou muito caseiro e gosto de ficar em casa com os amigos e a fam\u00edlia&#8221;;\u00a0Por que se inscreveu? &#8220;Esta \u00e9 a \u00fanica oportunidade de adquirir experi\u00eancia e agregar qualidades profissionais em t\u00e3o pouco tempo. Tamb\u00e9m me inscrevi por conta do pr\u00eamio&#8221;;\u00a0Defina-se: &#8220;Sou simples e caseiro&#8221;.<\/p>\n<p>O Aprendiz Universit\u00e1rio com Jo\u00e3o Doria Jr. \u00e9 exibido \u00e0s ter\u00e7as e quintas-feiras, \u00e0s 23h, e tem dire\u00e7\u00e3o-geral de Jos\u00e9 Am\u00e2ncio.<\/p>\n","protected":false},"excerpt":{"rendered":"<p>Aprendiz Universit\u00e1rio &#8211; no terceiro epis\u00f3dio de Aprendiz Universit\u00e1rio, exibido na Rede Record nesta quinta \u00e0 noite, dia 22, os aprendizes realizaram uma a\u00e7\u00e3o promocional para uma marca de tintas, em duas cidades do interior de S\u00e3o Paulo (Boituva e Porto Feliz). \u00a0Ap\u00f3s a campanha, divulga\u00e7\u00e3o e o resultado final, Jo\u00e3o Doria Jr. avaliou os [&hellip;]<\/p>\n","protected":false},"author":3,"featured_media":23055,"comment_status":"open","ping_status":"open","sticky":false,"template":"","format":"standard","meta":{"tdm_status":"","tdm_grid_status":"","footnotes":""},"categories":[22,371,343],"tags":[],"class_list":{"0":"post-26634","1":"post","2":"type-post","3":"status-publish","4":"format-standard","5":"has-post-thumbnail","7":"category-brasil","8":"category-rede-record","9":"category-televisao"},"_links":{"self":[{"href":"https:\/\/migracao.redenoticia.com.br\/noticia\/wp-json\/wp\/v2\/posts\/26634","targetHints":{"allow":["GET"]}}],"collection":[{"href":"https:\/\/migracao.redenoticia.com.br\/noticia\/wp-json\/wp\/v2\/posts"}],"about":[{"href":"https:\/\/migracao.redenoticia.com.br\/noticia\/wp-json\/wp\/v2\/types\/post"}],"author":[{"embeddable":true,"href":"https:\/\/migracao.redenoticia.com.br\/noticia\/wp-json\/wp\/v2\/users\/3"}],"replies":[{"embeddable":true,"href":"https:\/\/migracao.redenoticia.com.br\/noticia\/wp-json\/wp\/v2\/comments?post=26634"}],"version-history":[{"count":0,"href":"https:\/\/migracao.redenoticia.com.br\/noticia\/wp-json\/wp\/v2\/posts\/26634\/revisions"}],"wp:featuredmedia":[{"embeddable":true,"href":"https:\/\/migracao.redenoticia.com.br\/noticia\/wp-json\/wp\/v2\/media\/23055"}],"wp:attachment":[{"href":"https:\/\/migracao.redenoticia.com.br\/noticia\/wp-json\/wp\/v2\/media?parent=26634"}],"wp:term":[{"taxonomy":"category","embeddable":true,"href":"https:\/\/migracao.redenoticia.com.br\/noticia\/wp-json\/wp\/v2\/categories?post=26634"},{"taxonomy":"post_tag","embeddable":true,"href":"https:\/\/migracao.redenoticia.com.br\/noticia\/wp-json\/wp\/v2\/tags?post=26634"}],"curies":[{"name":"wp","href":"https:\/\/api.w.org\/{rel}","templated":true}]}}