{"id":26637,"date":"2010-04-23T10:43:10","date_gmt":"2010-04-23T14:43:10","guid":{"rendered":"http:\/\/www.redenoticia.com.br\/noticia\/?p=26637"},"modified":"2012-04-02T15:44:32","modified_gmt":"2012-04-02T18:44:32","slug":"as-tontas-nao-vao-ao-ceu-candy-reclama-do-beijo-de-santiago","status":"publish","type":"post","link":"https:\/\/migracao.redenoticia.com.br\/noticia\/2010\/as-tontas-nao-vao-ao-ceu-candy-reclama-do-beijo-de-santiago\/26637","title":{"rendered":"As tontas n\u00e3o v\u00e3o ao c\u00e9u \u2013 Candy reclama do beijo de Santiago"},"content":{"rendered":"<p><strong><em><img loading=\"lazy\" decoding=\"async\" class=\"alignleft size-full wp-image-26360\" title=\"as tontas nao vao ao ceu novela capitulos sbt\" src=\"https:\/\/migracao.redenoticia.com.br\/noticia\/imagens\/as-tontas-nao-vao-ao-ceu-novela-capitulos-sbt.jpg\" alt=\"\" width=\"300\" height=\"193\" \/>As tontas n\u00e3o v\u00e3o ao c\u00e9u<\/em><\/strong> \u2013 na <strong><em>novela<\/em><\/strong> do <strong><em>SBT<\/em><\/strong>, As tontas n\u00e3o v\u00e3o ao c\u00e9u, nesta sexta-feira Candy vai mostrar sua revolta com o beijo de Santiago. Em As tontas n\u00e3o v\u00e3o ao c\u00e9u, cap\u00edtulo 5, sexta-feira, 23\/4 , Candy conta para Lul\u00fa que Santiago a beijou, diz que ele vende beleza artificial e que ela pode montar uma cl\u00ednica de beleza. Depois, Candy vai ao consult\u00f3rio de Santiago e, diante de Marisa, reclama do beijo que ele deu.<\/p>\n<p>Santiago nega e Candy vai embora furiosa levando Marisa, a quem tenta convencer de que est\u00e1 dizendo a verdade, em As tontas n\u00e3o v\u00e3o ao c\u00e9u. A cigana fala para Patr\u00edcio que o dia que deixar de correr, o fantasma de quem ele acredita estar morta o alcan\u00e7ar\u00e1. Hort\u00eancia mostra a Santiago e Marisa o cartaz que Candy colocou no consult\u00f3rio. Santiago d\u00e1 o troco. Candy fica furiosa ao ler o cartaz e volta ao consult\u00f3rio para pedir explica\u00e7\u00f5es.<\/p>\n<p>Em As tontas n\u00e3o v\u00e3o ao c\u00e9u, Manuel d\u00e1 a Candy a not\u00edcia da morte de seu pai. Santiago v\u00ea Candy chorando e pergunta o que aconteceu. Laura entrega a Charly o endere\u00e7o onde ele poder\u00e1 encontrar seu pai, Manuel. Isabel comenta com Santiago o que L\u00facia gostaria de ganhar de presente de anivers\u00e1rio. Apesar de tantos anos terem se passado e de estar casado com Alice, Patr\u00edcio n\u00e3o consegue esquecer Candy. Pressionado por Alice, Patr\u00edcio, finalmente, decide aceitar que os dois trabalhem juntos. Marisa pede a Santiago que a ajude a organizar a festa de anivers\u00e1rio de seu irm\u00e3o, Raul.<\/p>\n<p>As tontas n\u00e3o v\u00e3o ao c\u00e9u<\/p>\n","protected":false},"excerpt":{"rendered":"<p>As tontas n\u00e3o v\u00e3o ao c\u00e9u \u2013 na novela do SBT, As tontas n\u00e3o v\u00e3o ao c\u00e9u, nesta sexta-feira Candy vai mostrar sua revolta com o beijo de Santiago. Em As tontas n\u00e3o v\u00e3o ao c\u00e9u, cap\u00edtulo 5, sexta-feira, 23\/4 , Candy conta para Lul\u00fa que Santiago a beijou, diz que ele vende beleza artificial [&hellip;]<\/p>\n","protected":false},"author":3,"featured_media":0,"comment_status":"open","ping_status":"open","sticky":false,"template":"","format":"standard","meta":{"tdm_status":"","tdm_grid_status":"","footnotes":""},"categories":[22,379,372,343],"tags":[],"class_list":{"0":"post-26637","1":"post","2":"type-post","3":"status-publish","4":"format-standard","6":"category-brasil","7":"category-novelas","8":"category-sbt","9":"category-televisao"},"_links":{"self":[{"href":"https:\/\/migracao.redenoticia.com.br\/noticia\/wp-json\/wp\/v2\/posts\/26637","targetHints":{"allow":["GET"]}}],"collection":[{"href":"https:\/\/migracao.redenoticia.com.br\/noticia\/wp-json\/wp\/v2\/posts"}],"about":[{"href":"https:\/\/migracao.redenoticia.com.br\/noticia\/wp-json\/wp\/v2\/types\/post"}],"author":[{"embeddable":true,"href":"https:\/\/migracao.redenoticia.com.br\/noticia\/wp-json\/wp\/v2\/users\/3"}],"replies":[{"embeddable":true,"href":"https:\/\/migracao.redenoticia.com.br\/noticia\/wp-json\/wp\/v2\/comments?post=26637"}],"version-history":[{"count":0,"href":"https:\/\/migracao.redenoticia.com.br\/noticia\/wp-json\/wp\/v2\/posts\/26637\/revisions"}],"wp:attachment":[{"href":"https:\/\/migracao.redenoticia.com.br\/noticia\/wp-json\/wp\/v2\/media?parent=26637"}],"wp:term":[{"taxonomy":"category","embeddable":true,"href":"https:\/\/migracao.redenoticia.com.br\/noticia\/wp-json\/wp\/v2\/categories?post=26637"},{"taxonomy":"post_tag","embeddable":true,"href":"https:\/\/migracao.redenoticia.com.br\/noticia\/wp-json\/wp\/v2\/tags?post=26637"}],"curies":[{"name":"wp","href":"https:\/\/api.w.org\/{rel}","templated":true}]}}