{"id":26639,"date":"2010-04-23T10:49:47","date_gmt":"2010-04-23T14:49:47","guid":{"rendered":"http:\/\/www.redenoticia.com.br\/noticia\/?p=26639"},"modified":"2012-04-02T15:44:32","modified_gmt":"2012-04-02T18:44:32","slug":"bela-a-feia-ataulfo-e-dinho-ficam-de-tocaia-a-espera-de-valentina","status":"publish","type":"post","link":"https:\/\/migracao.redenoticia.com.br\/noticia\/2010\/bela-a-feia-ataulfo-e-dinho-ficam-de-tocaia-a-espera-de-valentina\/26639","title":{"rendered":"Bela, a Feia &#8211; Ataulfo e Dinho ficam de tocaia \u00e0 espera de Valentina"},"content":{"rendered":"<p><strong><em><img loading=\"lazy\" decoding=\"async\" class=\"alignleft size-full wp-image-17359\" title=\"novela record bela a feia\" src=\"https:\/\/migracao.redenoticia.com.br\/noticia\/imagens\/novela-record-bela-a-feia.jpg\" alt=\"\" width=\"300\" height=\"193\" srcset=\"https:\/\/migracao.redenoticia.com.br\/noticia\/imagens\/novela-record-bela-a-feia.jpg 300w, https:\/\/migracao.redenoticia.com.br\/noticia\/imagens\/novela-record-bela-a-feia-250x160.jpg 250w, https:\/\/migracao.redenoticia.com.br\/noticia\/imagens\/novela-record-bela-a-feia-150x96.jpg 150w\" sizes=\"auto, (max-width: 300px) 100vw, 300px\" \/>Bela, a Feia<\/em><\/strong> \u2013 na <strong><em>novela<\/em><\/strong> da <strong><em>Rede Record<\/em><\/strong>, Bela, a Feia, <strong><em>Valentina<\/em><\/strong> corre perigo mais uma vez. No cap\u00edtulo desta sexta-feira de Bela, a Feia, 23\/4\/2010, Valentina comemora o fechamento de contrato com a empresa estrangeira. Rodrigo e Rodolfo tamb\u00e9m ficam muito felizes ao saberem da novidade. Ataulfo, vestido de dona Eul\u00e1lia, fica irritado por ter que trocar o pneu do carro que furou. Jacinto comenta que as pessoas n\u00e3o param de falar em Valentina. Clemente diz que ela parece ter uma luz interior como a Bela.\u00a0<\/p>\n<p>B\u00e1rbara pede dinheiro a Adriano e amea\u00e7a denunci\u00e1-lo \u00e0 pol\u00edcia, em Bela, a Feia. Sheyla desabafa com Dinor\u00e1 sobre \u00cdcaro. Haroldo tenta consolar \u00cdcaro, que est\u00e1 desolado por causa de Sheyla. Rodrigo e Bela brindam a parceria da Mais Brasil e da Dobradinha. Ricardo comemora o sucesso de Valentina e deixa Ver\u00f4nica irritada. Ariosto e Vanda comentam sobre o \u00f3timo trabalho que Valentina vem fazendo \u00e0 frente da empresa e C\u00edntia acaba discutindo com os pais.<\/p>\n<p>Dinho e Ataulfo leem sobre o sucesso de Valentina no jornal em Bela, a Feia. Rodrigo e Bela vivem momentos de intensa paix\u00e3o. Todos os jornalistas querem falar com Valentina. Ver\u00f4nica e Ataulfo acertam os \u00faltimos detalhes para o sequestro da nova presidente da Mais Brasil. Valentina \u00e9 muito sol\u00edcita com os jornalistas. C\u00edntia fica ainda mais irritada ao ouvir jornalistas elogiando Valentina.\u00a0 C\u00edntia tamb\u00e9m discute com Diogo, que defende Valentina.<\/p>\n<p>C\u00edntia pede apoio de Adriano para ficar contra Valentina, em Bela, a Feia, mas ele recusa. Valentina decide promover Diogo, que comemora. Hort\u00eancia acredita que Valentina ir\u00e1 salvar a Mais Brasil, enquanto Luzia teima em dizer que conhece a nova presidente de algum lugar. Ataulfo e Dinho est\u00e3o de tocaia \u00e0 espera de Valentina.\u00a0 Ricardo fica surpreso quando C\u00edntia o procura para falar sobre Valentina.<\/p>\n<p>Rodrigo e Bela combinam de se encontrar depois do trabalho em Bela, a Feia. Ricardo diz que C\u00edntia est\u00e1 com ci\u00fames de Valentina e os dois discutem. Bela, distra\u00edda, vai ao encontro de Rodrigo, que a espera pr\u00f3ximo da Mais Brasil. Dinho e Ataulfo a seguem.<\/p>\n<p>Bela, a Feia<\/p>\n","protected":false},"excerpt":{"rendered":"<p>Bela, a Feia \u2013 na novela da Rede Record, Bela, a Feia, Valentina corre perigo mais uma vez. No cap\u00edtulo desta sexta-feira de Bela, a Feia, 23\/4\/2010, Valentina comemora o fechamento de contrato com a empresa estrangeira. Rodrigo e Rodolfo tamb\u00e9m ficam muito felizes ao saberem da novidade. Ataulfo, vestido de dona Eul\u00e1lia, fica irritado [&hellip;]<\/p>\n","protected":false},"author":3,"featured_media":17359,"comment_status":"open","ping_status":"open","sticky":false,"template":"","format":"standard","meta":{"tdm_status":"","tdm_grid_status":"","footnotes":""},"categories":[22,379,371,343],"tags":[],"class_list":{"0":"post-26639","1":"post","2":"type-post","3":"status-publish","4":"format-standard","5":"has-post-thumbnail","7":"category-brasil","8":"category-novelas","9":"category-rede-record","10":"category-televisao"},"_links":{"self":[{"href":"https:\/\/migracao.redenoticia.com.br\/noticia\/wp-json\/wp\/v2\/posts\/26639","targetHints":{"allow":["GET"]}}],"collection":[{"href":"https:\/\/migracao.redenoticia.com.br\/noticia\/wp-json\/wp\/v2\/posts"}],"about":[{"href":"https:\/\/migracao.redenoticia.com.br\/noticia\/wp-json\/wp\/v2\/types\/post"}],"author":[{"embeddable":true,"href":"https:\/\/migracao.redenoticia.com.br\/noticia\/wp-json\/wp\/v2\/users\/3"}],"replies":[{"embeddable":true,"href":"https:\/\/migracao.redenoticia.com.br\/noticia\/wp-json\/wp\/v2\/comments?post=26639"}],"version-history":[{"count":0,"href":"https:\/\/migracao.redenoticia.com.br\/noticia\/wp-json\/wp\/v2\/posts\/26639\/revisions"}],"wp:featuredmedia":[{"embeddable":true,"href":"https:\/\/migracao.redenoticia.com.br\/noticia\/wp-json\/wp\/v2\/media\/17359"}],"wp:attachment":[{"href":"https:\/\/migracao.redenoticia.com.br\/noticia\/wp-json\/wp\/v2\/media?parent=26639"}],"wp:term":[{"taxonomy":"category","embeddable":true,"href":"https:\/\/migracao.redenoticia.com.br\/noticia\/wp-json\/wp\/v2\/categories?post=26639"},{"taxonomy":"post_tag","embeddable":true,"href":"https:\/\/migracao.redenoticia.com.br\/noticia\/wp-json\/wp\/v2\/tags?post=26639"}],"curies":[{"name":"wp","href":"https:\/\/api.w.org\/{rel}","templated":true}]}}