{"id":2665,"date":"2009-06-10T09:24:36","date_gmt":"2009-06-10T13:24:36","guid":{"rendered":"http:\/\/www.redenoticia.com.br\/noticia\/?p=2665"},"modified":"2009-06-10T09:24:36","modified_gmt":"2009-06-10T13:24:36","slug":"vacinacao-dos-idosos-chega-a-8147-de-pessoas-imunizadas","status":"publish","type":"post","link":"https:\/\/migracao.redenoticia.com.br\/noticia\/2009\/vacinacao-dos-idosos-chega-a-8147-de-pessoas-imunizadas\/2665","title":{"rendered":"Vacina\u00e7\u00e3o dos idosos chega a 81,47% de pessoas imunizadas"},"content":{"rendered":"<p><span><span>O Minist\u00e9rio da Sa\u00fade divulga nesta quarta-feira (dia 10) o balan\u00e7o da <\/span><\/span><em><span>11\u00aa Campanha Nacional de Vacina\u00e7\u00e3o do Idoso. <\/span><\/em><em><span>Ao todo, foram vacinados <\/span><\/em><span><strong><span>15,8 \u00a0milh\u00f5es<\/span><\/strong><\/span><span> de idosos \u2013 o que representa\u00a0<strong>81,47%<\/strong> da popula\u00e7\u00e3o alvo. A\u00a0<span>meta era imunizar 80% da popula\u00e7\u00e3o com 60 anos ou mais.<\/span><\/span><\/p>\n<p><span style=\"font-family: Arial;\"><span><span><span> <\/span>A mobiliza\u00e7\u00e3o deste ano foi considerada a mais significativa j\u00e1 realizada pelo Minist\u00e9rio da Sa\u00fade, por meio do Programa Nacional de Imuniza\u00e7\u00f5es (PNI). <\/span><\/span><span>Foram investidos R$ 162,2 milh\u00f5es na compra da vacinas e montagem da infra-estrutura, que contou com a participa\u00e7\u00e3o de 241 mil pessoas.\u00a0<span>\u201cFicamos satisfeitos, pois tivemos uma popula\u00e7\u00e3o acrescida, estimada por um novo m\u00e9todo do IBGE e vacinamos 15,8 milh\u00f5es de pessoas\u201d, explica <\/span>a coordenadora<em> <\/em><span>do PNI, Arindelita Arruda<\/span><em>.<\/em> <\/span><\/span><\/p>\n<p><span><span>Como a meta nacional n\u00e3o foi atingida nos primeiros dias da campanha, ocorreu a prorroga\u00e7\u00e3o do prazo at\u00e9 o fim do m\u00eas e, no dia 29 de maio, foi encerrada a campanha. Agora, ap\u00f3s o encerramento, o trabalho do MS est\u00e1 voltado para as avalia\u00e7\u00f5es locais. Os munic\u00edpios que n\u00e3o atingiram a meta passar\u00e3o por uma avalia\u00e7\u00e3o mais detalhada, assim como aquelas localidades que extrapolaram a meta.<\/span><\/span><\/p>\n<p><span><span>Ser\u00e3o analisados fatores como se houve erro no registro, se foi vacinada popula\u00e7\u00e3o fora da faixa, enfim. \u201cSer\u00e3o analisados os locais que vacinaram mais, os que vacinaram de menos. \u00c9 preciso identificar o que ocorre para s\u00f3 assim mensurarmos o tamanho desse sucesso. E que, no pr\u00f3ximo ano, tenhamos uma campanha mais aperfei\u00e7oada, com um bom desempenho da Aten\u00e7\u00e3o B\u00e1sica, que em muitas localidades foi de casa em casa vacinar os idosos, como foi neste ano\u201d, resume.<\/span><\/span><\/p>\n<p><span><span>Quatro estados n\u00e3o conseguiram atingir a meta de 80% estipulada pelo MS: SC, RS, SP e RJ. Eles, entretanto,<\/span><\/span><span>ter\u00e3o suas metas populacionais reavaliadas pelo minist\u00e9rio, pois alegam que j\u00e1 imunizaram 80% de seus idosos e que a meta do MS estaria divergindo da deles.<span><\/span><\/span><\/p>\n<p><span><span> <\/span><\/span><\/p>\n<p><span><strong><span><span> <\/span>ESTOQUES \u2013<\/span><\/strong><\/span><span><span> As vacinas que n\u00e3o foram aplicadas n\u00e3o ser\u00e3o recolhidas pelo MS. As doses ser\u00e3o enviadas aos Centros de Refer\u00eancia para Imunobiol\u00f3gicos Especiais (CRIEs) de cada estado para ficarem dispon\u00edveis para atender aos indiv\u00edduos em situa\u00e7\u00f5es especiais, isto \u00e9, com uma suscetibilidade aumentada para contrair ou apresentar complica\u00e7\u00f5es decorrentes de doen\u00e7as preven\u00edveis por imunobiol\u00f3gicos. \u201cOs CRIEs armazenar\u00e3o a vacina at\u00e9 dezembro para atender a esse p\u00fablico. Para a popula\u00e7\u00e3o de 60 anos e mais, entretanto, a vacina\u00e7\u00e3o j\u00e1 se encerrou\u201d, explica.<\/span><\/span><\/p>\n<p><span><span>A grande mudan\u00e7a prevista para a campanha de 2010 \u00e9 a amplia\u00e7\u00e3o do p\u00fablico-alvo a ser vacinado. Al\u00e9m dos idosos com 60 anos e mais, a proposta \u00e9 vacinar tamb\u00e9m os trabalhadores da sa\u00fade que ficam mais expostos aos v\u00edrus da gripe que outras popula\u00e7\u00f5es. Isso traria um aumento consider\u00e1vel da meta, com a previs\u00e3o total de 35 milh\u00f5es de doses.<\/span><\/span><\/p>\n","protected":false},"excerpt":{"rendered":"<p>O Minist\u00e9rio da Sa\u00fade divulga nesta quarta-feira (dia 10) o balan\u00e7o da 11\u00aa Campanha Nacional de Vacina\u00e7\u00e3o do Idoso. Ao todo, foram vacinados 15,8 \u00a0milh\u00f5es de idosos \u2013 o que representa\u00a081,47% da popula\u00e7\u00e3o alvo. A\u00a0meta era imunizar 80% da popula\u00e7\u00e3o com 60 anos ou mais. A mobiliza\u00e7\u00e3o deste ano foi considerada a mais significativa j\u00e1 [&hellip;]<\/p>\n","protected":false},"author":2,"featured_media":0,"comment_status":"open","ping_status":"open","sticky":false,"template":"","format":"standard","meta":{"tdm_status":"","tdm_grid_status":"","footnotes":""},"categories":[22,5],"tags":[],"class_list":{"0":"post-2665","1":"post","2":"type-post","3":"status-publish","4":"format-standard","6":"category-brasil","7":"category-saude-e-vida"},"_links":{"self":[{"href":"https:\/\/migracao.redenoticia.com.br\/noticia\/wp-json\/wp\/v2\/posts\/2665","targetHints":{"allow":["GET"]}}],"collection":[{"href":"https:\/\/migracao.redenoticia.com.br\/noticia\/wp-json\/wp\/v2\/posts"}],"about":[{"href":"https:\/\/migracao.redenoticia.com.br\/noticia\/wp-json\/wp\/v2\/types\/post"}],"author":[{"embeddable":true,"href":"https:\/\/migracao.redenoticia.com.br\/noticia\/wp-json\/wp\/v2\/users\/2"}],"replies":[{"embeddable":true,"href":"https:\/\/migracao.redenoticia.com.br\/noticia\/wp-json\/wp\/v2\/comments?post=2665"}],"version-history":[{"count":0,"href":"https:\/\/migracao.redenoticia.com.br\/noticia\/wp-json\/wp\/v2\/posts\/2665\/revisions"}],"wp:attachment":[{"href":"https:\/\/migracao.redenoticia.com.br\/noticia\/wp-json\/wp\/v2\/media?parent=2665"}],"wp:term":[{"taxonomy":"category","embeddable":true,"href":"https:\/\/migracao.redenoticia.com.br\/noticia\/wp-json\/wp\/v2\/categories?post=2665"},{"taxonomy":"post_tag","embeddable":true,"href":"https:\/\/migracao.redenoticia.com.br\/noticia\/wp-json\/wp\/v2\/tags?post=2665"}],"curies":[{"name":"wp","href":"https:\/\/api.w.org\/{rel}","templated":true}]}}