{"id":26652,"date":"2010-04-23T11:38:37","date_gmt":"2010-04-23T15:38:37","guid":{"rendered":"http:\/\/www.redenoticia.com.br\/noticia\/?p=26652"},"modified":"2012-04-02T15:44:31","modified_gmt":"2012-04-02T18:44:31","slug":"viver-a-vida-dora-entra-em-trabalho-de-parto","status":"publish","type":"post","link":"https:\/\/migracao.redenoticia.com.br\/noticia\/2010\/viver-a-vida-dora-entra-em-trabalho-de-parto\/26652","title":{"rendered":"Viver a Vida &#8211; Dora entra em trabalho de parto"},"content":{"rendered":"<p><strong><em><span style=\"font-style: normal; font-weight: normal;\"><img loading=\"lazy\" decoding=\"async\" class=\"alignleft size-full wp-image-17353\" title=\"novela globo viver a vida\" src=\"https:\/\/migracao.redenoticia.com.br\/noticia\/imagens\/novela-globo-viver-a-vida.jpg\" alt=\"\" width=\"300\" height=\"193\" srcset=\"https:\/\/migracao.redenoticia.com.br\/noticia\/imagens\/novela-globo-viver-a-vida.jpg 300w, https:\/\/migracao.redenoticia.com.br\/noticia\/imagens\/novela-globo-viver-a-vida-250x160.jpg 250w, https:\/\/migracao.redenoticia.com.br\/noticia\/imagens\/novela-globo-viver-a-vida-150x96.jpg 150w\" sizes=\"auto, (max-width: 300px) 100vw, 300px\" \/><\/span>Resumo de Novela<\/em><\/strong> \u2013 em <strong><em>Viver a Vida<\/em><\/strong>, novela da Rede <strong><em>Globo<\/em><\/strong>, Dora sente que seu bebe est\u00e1 chegando. Em Viver a Vida, cap\u00edtulo 192 \u2013 s\u00e1bado, dia 24 de abril &#8211; Helena e Bruno se despedem de Edite e voltam para o Rio de Janeiro. Garcia fica radiante ao ver os convidados para a inaugura\u00e7\u00e3o de seu restaurante. Ariane deixa Gabriel no cinema e passeia pelo shopping.<\/p>\n<p>Em Viver a Vida, Paix\u00e3o fica desanimada quando Jorge sai da Projecta para encontrar Ariane. Rafaela corta a faixa para inaugurar o restaurante e Dora avisa que entrou em trabalho de parto. Ingrid v\u00ea Ariane em um caf\u00e9 e se aproxima para falar com ela. Dora e Garcia entram no centro cir\u00fargico e Rafaela, emocionada, se despede da m\u00e3e.<\/p>\n<p>Em Viver a Vida, cap\u00edtulo 193 \u2013 segunda-feira, dia 26 de abril &#8211; Ingrid conversa com Ariane sobre Jorge e Miguel. Ingrid insulta Ariane, que n\u00e3o se intimida. Marcos d\u00e1 uma carona para Tereza e fica com ci\u00fames de Jean. No\u00eamia visita Marcos e o aconselha a voltar para Tereza. Leandro briga com Ingrid. Renata garante a Nina que vai conseguir resistir \u00e0 bebida na viagem. Dora ironiza Soraia quando Garcia pede para ela tirar uma foto da fam\u00edlia. Carlos visita Malu na emissora. Garcia e Rafaela s\u00e3o aplaudidos ao chegar no restaurante. Tereza ouve a conversa de Isabel, Mia e Jean a respeito de Marcos.<\/p>\n<p>Viver a Vida \u2013 Novela da Rede Globo<\/p>\n","protected":false},"excerpt":{"rendered":"<p>Resumo de Novela \u2013 em Viver a Vida, novela da Rede Globo, Dora sente que seu bebe est\u00e1 chegando. Em Viver a Vida, cap\u00edtulo 192 \u2013 s\u00e1bado, dia 24 de abril &#8211; Helena e Bruno se despedem de Edite e voltam para o Rio de Janeiro. Garcia fica radiante ao ver os convidados para a [&hellip;]<\/p>\n","protected":false},"author":3,"featured_media":17353,"comment_status":"open","ping_status":"open","sticky":false,"template":"","format":"standard","meta":{"tdm_status":"","tdm_grid_status":"","footnotes":""},"categories":[22,379,375,343],"tags":[],"class_list":{"0":"post-26652","1":"post","2":"type-post","3":"status-publish","4":"format-standard","5":"has-post-thumbnail","7":"category-brasil","8":"category-novelas","9":"category-rede-globo","10":"category-televisao"},"_links":{"self":[{"href":"https:\/\/migracao.redenoticia.com.br\/noticia\/wp-json\/wp\/v2\/posts\/26652","targetHints":{"allow":["GET"]}}],"collection":[{"href":"https:\/\/migracao.redenoticia.com.br\/noticia\/wp-json\/wp\/v2\/posts"}],"about":[{"href":"https:\/\/migracao.redenoticia.com.br\/noticia\/wp-json\/wp\/v2\/types\/post"}],"author":[{"embeddable":true,"href":"https:\/\/migracao.redenoticia.com.br\/noticia\/wp-json\/wp\/v2\/users\/3"}],"replies":[{"embeddable":true,"href":"https:\/\/migracao.redenoticia.com.br\/noticia\/wp-json\/wp\/v2\/comments?post=26652"}],"version-history":[{"count":0,"href":"https:\/\/migracao.redenoticia.com.br\/noticia\/wp-json\/wp\/v2\/posts\/26652\/revisions"}],"wp:featuredmedia":[{"embeddable":true,"href":"https:\/\/migracao.redenoticia.com.br\/noticia\/wp-json\/wp\/v2\/media\/17353"}],"wp:attachment":[{"href":"https:\/\/migracao.redenoticia.com.br\/noticia\/wp-json\/wp\/v2\/media?parent=26652"}],"wp:term":[{"taxonomy":"category","embeddable":true,"href":"https:\/\/migracao.redenoticia.com.br\/noticia\/wp-json\/wp\/v2\/categories?post=26652"},{"taxonomy":"post_tag","embeddable":true,"href":"https:\/\/migracao.redenoticia.com.br\/noticia\/wp-json\/wp\/v2\/tags?post=26652"}],"curies":[{"name":"wp","href":"https:\/\/api.w.org\/{rel}","templated":true}]}}