{"id":26661,"date":"2010-04-23T15:56:07","date_gmt":"2010-04-23T19:56:07","guid":{"rendered":"http:\/\/www.redenoticia.com.br\/noticia\/?p=26661"},"modified":"2010-04-23T15:56:07","modified_gmt":"2010-04-23T19:56:07","slug":"inscricao-no-gugu-bate-em-sua-porta-que-estreia-na-rede-record","status":"publish","type":"post","link":"https:\/\/migracao.redenoticia.com.br\/noticia\/2010\/inscricao-no-gugu-bate-em-sua-porta-que-estreia-na-rede-record\/26661","title":{"rendered":"Inscri\u00e7\u00e3o no &#8220;Gugu bate em sua porta&#8221; que estreia na Rede Record"},"content":{"rendered":"<p><strong><em><img loading=\"lazy\" decoding=\"async\" class=\"alignleft size-full wp-image-18159\" title=\"gugu\" src=\"https:\/\/migracao.redenoticia.com.br\/noticia\/imagens\/gugu5.jpg\" alt=\"\" width=\"300\" height=\"193\" srcset=\"https:\/\/migracao.redenoticia.com.br\/noticia\/imagens\/gugu5.jpg 300w, https:\/\/migracao.redenoticia.com.br\/noticia\/imagens\/gugu5-250x160.jpg 250w, https:\/\/migracao.redenoticia.com.br\/noticia\/imagens\/gugu5-150x96.jpg 150w\" sizes=\"auto, (max-width: 300px) 100vw, 300px\" \/>Inscri\u00e7\u00e3o<\/em><\/strong> no &#8220;<strong><em>Gugu bate em sua porta<\/em><\/strong>&#8221; &#8211; Para se inscrever no quadro \u201cGugu bate em sua porta\u201d e nos outros quadros do programa\u00a0<a href=\"http:\/\/programas.rederecord.com.br\/programas\/programadogugu\/quadros.asp\" target=\"_blank\">Clique Aqui<\/a>. &#8220;Gugu bate em sua porta&#8221; estreia\u00a0neste domingo (25\/04).\u00a0<strong><em>Gugu<\/em><\/strong> monta toda a estrutura de seu programa na frente da casa de um telespectador. Cen\u00e1rios, bailarinas, c\u00e2meras, luzes&#8230; Assim ser\u00e1 a estreia do &#8220;Gugu bate em sua porta&#8221;, pela <strong><em>Rede Record<\/em><\/strong>. Uma gincana onde cada membro da fam\u00edlia ter\u00e1 que provar que sabe tudo sobre seus parentes.<\/p>\n<p>Cada resposta certa no \u201cGugu bate em sua porta\u201d vale pr\u00eamio e a realiza\u00e7\u00e3o de um sonho pessoal. Al\u00e9m disso, eles poder\u00e3o ganhar at\u00e9 R$ 250 mil. &#8220;Este \u00e9 um formato norte-americano e grandioso, com pr\u00eamios s\u00e3o sensacionais. N\u00e3o \u00e9 f\u00e1cil levar uma estrutura enorme como esta para qualquer lugar do Pa\u00eds&#8221;, explica o apresentador Gugu, da Rede Record.<\/p>\n<p>A fam\u00edlia que participa da estreia \u00e9 da regi\u00e3o de Campinas, interior de S\u00e3o Paulo. O Programa do Gugu vai ao ar \u00e0s 20 horas, na Rede Record, logo ap\u00f3s o Domingo Espetacular.<\/p>\n<p>Gugu bate em sua porta \u2013 Rede Record<\/p>\n","protected":false},"excerpt":{"rendered":"<p>Inscri\u00e7\u00e3o no &#8220;Gugu bate em sua porta&#8221; &#8211; Para se inscrever no quadro \u201cGugu bate em sua porta\u201d e nos outros quadros do programa\u00a0Clique Aqui. &#8220;Gugu bate em sua porta&#8221; estreia\u00a0neste domingo (25\/04).\u00a0Gugu monta toda a estrutura de seu programa na frente da casa de um telespectador. Cen\u00e1rios, bailarinas, c\u00e2meras, luzes&#8230; Assim ser\u00e1 a estreia [&hellip;]<\/p>\n","protected":false},"author":3,"featured_media":18159,"comment_status":"open","ping_status":"open","sticky":false,"template":"","format":"standard","meta":{"tdm_status":"","tdm_grid_status":"","footnotes":""},"categories":[22,371,343],"tags":[],"class_list":{"0":"post-26661","1":"post","2":"type-post","3":"status-publish","4":"format-standard","5":"has-post-thumbnail","7":"category-brasil","8":"category-rede-record","9":"category-televisao"},"_links":{"self":[{"href":"https:\/\/migracao.redenoticia.com.br\/noticia\/wp-json\/wp\/v2\/posts\/26661","targetHints":{"allow":["GET"]}}],"collection":[{"href":"https:\/\/migracao.redenoticia.com.br\/noticia\/wp-json\/wp\/v2\/posts"}],"about":[{"href":"https:\/\/migracao.redenoticia.com.br\/noticia\/wp-json\/wp\/v2\/types\/post"}],"author":[{"embeddable":true,"href":"https:\/\/migracao.redenoticia.com.br\/noticia\/wp-json\/wp\/v2\/users\/3"}],"replies":[{"embeddable":true,"href":"https:\/\/migracao.redenoticia.com.br\/noticia\/wp-json\/wp\/v2\/comments?post=26661"}],"version-history":[{"count":0,"href":"https:\/\/migracao.redenoticia.com.br\/noticia\/wp-json\/wp\/v2\/posts\/26661\/revisions"}],"wp:featuredmedia":[{"embeddable":true,"href":"https:\/\/migracao.redenoticia.com.br\/noticia\/wp-json\/wp\/v2\/media\/18159"}],"wp:attachment":[{"href":"https:\/\/migracao.redenoticia.com.br\/noticia\/wp-json\/wp\/v2\/media?parent=26661"}],"wp:term":[{"taxonomy":"category","embeddable":true,"href":"https:\/\/migracao.redenoticia.com.br\/noticia\/wp-json\/wp\/v2\/categories?post=26661"},{"taxonomy":"post_tag","embeddable":true,"href":"https:\/\/migracao.redenoticia.com.br\/noticia\/wp-json\/wp\/v2\/tags?post=26661"}],"curies":[{"name":"wp","href":"https:\/\/api.w.org\/{rel}","templated":true}]}}