{"id":26683,"date":"2010-04-24T11:06:47","date_gmt":"2010-04-24T15:06:47","guid":{"rendered":"http:\/\/www.redenoticia.com.br\/noticia\/?p=26683"},"modified":"2010-04-24T19:28:10","modified_gmt":"2010-04-24T23:28:10","slug":"miss-sao-paulo-2010-%e2%80%93-40-candidatas-disputam-coroa-de-silvia-novais","status":"publish","type":"post","link":"https:\/\/migracao.redenoticia.com.br\/noticia\/2010\/miss-sao-paulo-2010-%e2%80%93-40-candidatas-disputam-coroa-de-silvia-novais\/26683","title":{"rendered":"Miss S\u00e3o Paulo 2010 \u2013 40 candidatas disputam coroa de Silvia Novais"},"content":{"rendered":"<p><strong><em><img loading=\"lazy\" decoding=\"async\" class=\"alignleft size-full wp-image-26541\" title=\"miss sao paulo band foto divulgacao\" src=\"https:\/\/migracao.redenoticia.com.br\/noticia\/imagens\/miss-sao-paulo-band-foto-divulgacao.jpg\" alt=\"\" width=\"300\" height=\"193\" srcset=\"https:\/\/migracao.redenoticia.com.br\/noticia\/imagens\/miss-sao-paulo-band-foto-divulgacao.jpg 300w, https:\/\/migracao.redenoticia.com.br\/noticia\/imagens\/miss-sao-paulo-band-foto-divulgacao-250x160.jpg 250w, https:\/\/migracao.redenoticia.com.br\/noticia\/imagens\/miss-sao-paulo-band-foto-divulgacao-150x96.jpg 150w\" sizes=\"auto, (max-width: 300px) 100vw, 300px\" \/>Miss S\u00e3o Paulo<\/em><\/strong> 2010 \u00a0&#8211; neste s\u00e1bado (24\/04) ser\u00e1 conhecida a mulher mais bela de S\u00e3o Paulo. O Miss S\u00e3o Paulo <strong><em>2010<\/em><\/strong> ser\u00e1 realizado no Memorial da Am\u00e9rica Latina e transmitido pela Band \u00e0 partir da 22h00 (hor\u00e1rio de Bras\u00edlia). S\u00e3o 40 candidatas que representam as cidades de S\u00e3o Paulo. A vencedora vai suceder a atual Miss S\u00e3o Paulo, <strong><em>Silvia Novais<\/em><\/strong>, e representar o estado no concurso de Miss Brasil, em maio.<\/p>\n<p>Para vencer o Miss S\u00e3o Paulo 2010\u00a0a candidata ter\u00e1 que superar quatro etapas &#8211; 1\u00aa Etapa: Sele\u00e7\u00e3o de 20 (vinte) candidatas;\u00a02\u00aa Etapa: Sele\u00e7\u00e3o de 12 (doze) candidatas;\u00a03\u00aa Etapa: Sele\u00e7\u00e3o de 05 (cinco) candidatas e\u00a04\u00aa Etapa: Indica\u00e7\u00e3o das 03 (tr\u00eas) vencedoras.\u00a0Crit\u00e9rio de desempate: com exce\u00e7\u00e3o da 1\u00aa Etapa, caso haja empate de n\u00fameros de votos ou pontos, entre duas ou mais candidatas, caber\u00e1 \u00e0 organiza\u00e7\u00e3o do evento convocar o Presidente do Corpo de Jurados para que este compare\u00e7a na sala da auditoria e decida a ganhadora. Neste caso, o Presidente do J\u00fari preencher\u00e1 a C\u00e9dula de Desempate a ser fornecida pela auditoria com o(s) nome(s) da(s) candidata(s) que dever\u00e1 (\u00e3o) permanecer no ou vencer o concurso MISS S\u00c3O PAULO 2010.<\/p>\n<p>A apresenta\u00e7\u00e3o do Miss S\u00e3o Paulo 2010 ser\u00e1 de Ot\u00e1vio Mesquita. Sidney Magal, D\u2019Black e Negra Li j\u00e1 est\u00e3o confirmados como atra\u00e7\u00f5es musicais. A apresentadora Nadja Haddad vai comandar os bastidores do evento, entrevistando celebridades e acompanhando de perto a expectativa das 40 candidatas.<\/p>\n<p>As candidatas ao Miss S\u00e3o Paulo se concentraram para uma maratona de ensaios, provas de roupas e testes de maquiagem e cabelo. A 56\u00aa edi\u00e7\u00e3o nacional tamb\u00e9m j\u00e1 tem data e local definidos. O Miss Brasil acontece este ano tamb\u00e9m no Memorial da Am\u00e9rica Latina, em S\u00e3o Paulo no dia 8 de Maio.<\/p>\n<p>Foto Divulga\u00e7\u00e3o<\/p>\n","protected":false},"excerpt":{"rendered":"<p>Miss S\u00e3o Paulo 2010 \u00a0&#8211; neste s\u00e1bado (24\/04) ser\u00e1 conhecida a mulher mais bela de S\u00e3o Paulo. O Miss S\u00e3o Paulo 2010 ser\u00e1 realizado no Memorial da Am\u00e9rica Latina e transmitido pela Band \u00e0 partir da 22h00 (hor\u00e1rio de Bras\u00edlia). S\u00e3o 40 candidatas que representam as cidades de S\u00e3o Paulo. A vencedora vai suceder a [&hellip;]<\/p>\n","protected":false},"author":3,"featured_media":26541,"comment_status":"open","ping_status":"open","sticky":false,"template":"","format":"standard","meta":{"tdm_status":"","tdm_grid_status":"","footnotes":""},"categories":[22,343],"tags":[],"class_list":{"0":"post-26683","1":"post","2":"type-post","3":"status-publish","4":"format-standard","5":"has-post-thumbnail","7":"category-brasil","8":"category-televisao"},"_links":{"self":[{"href":"https:\/\/migracao.redenoticia.com.br\/noticia\/wp-json\/wp\/v2\/posts\/26683","targetHints":{"allow":["GET"]}}],"collection":[{"href":"https:\/\/migracao.redenoticia.com.br\/noticia\/wp-json\/wp\/v2\/posts"}],"about":[{"href":"https:\/\/migracao.redenoticia.com.br\/noticia\/wp-json\/wp\/v2\/types\/post"}],"author":[{"embeddable":true,"href":"https:\/\/migracao.redenoticia.com.br\/noticia\/wp-json\/wp\/v2\/users\/3"}],"replies":[{"embeddable":true,"href":"https:\/\/migracao.redenoticia.com.br\/noticia\/wp-json\/wp\/v2\/comments?post=26683"}],"version-history":[{"count":0,"href":"https:\/\/migracao.redenoticia.com.br\/noticia\/wp-json\/wp\/v2\/posts\/26683\/revisions"}],"wp:featuredmedia":[{"embeddable":true,"href":"https:\/\/migracao.redenoticia.com.br\/noticia\/wp-json\/wp\/v2\/media\/26541"}],"wp:attachment":[{"href":"https:\/\/migracao.redenoticia.com.br\/noticia\/wp-json\/wp\/v2\/media?parent=26683"}],"wp:term":[{"taxonomy":"category","embeddable":true,"href":"https:\/\/migracao.redenoticia.com.br\/noticia\/wp-json\/wp\/v2\/categories?post=26683"},{"taxonomy":"post_tag","embeddable":true,"href":"https:\/\/migracao.redenoticia.com.br\/noticia\/wp-json\/wp\/v2\/tags?post=26683"}],"curies":[{"name":"wp","href":"https:\/\/api.w.org\/{rel}","templated":true}]}}