{"id":26703,"date":"2010-04-24T12:40:09","date_gmt":"2010-04-24T16:40:09","guid":{"rendered":"http:\/\/www.redenoticia.com.br\/noticia\/?p=26703"},"modified":"2012-04-02T15:44:31","modified_gmt":"2012-04-02T18:44:31","slug":"malhacao-bernardo-e-bia-irritam-cristiana","status":"publish","type":"post","link":"https:\/\/migracao.redenoticia.com.br\/noticia\/2010\/malhacao-bernardo-e-bia-irritam-cristiana\/26703","title":{"rendered":"Malha\u00e7\u00e3o \u2013 Bernardo e Bia irritam Cristiana"},"content":{"rendered":"<p><strong><em><img loading=\"lazy\" decoding=\"async\" class=\"alignleft size-full wp-image-22587\" title=\"novela globo malhacao\" src=\"https:\/\/migracao.redenoticia.com.br\/noticia\/imagens\/novela-globo-malhacao1.jpg\" alt=\"\" width=\"300\" height=\"193\" srcset=\"https:\/\/migracao.redenoticia.com.br\/noticia\/imagens\/novela-globo-malhacao1.jpg 300w, https:\/\/migracao.redenoticia.com.br\/noticia\/imagens\/novela-globo-malhacao1-250x161.jpg 250w, https:\/\/migracao.redenoticia.com.br\/noticia\/imagens\/novela-globo-malhacao1-150x97.jpg 150w\" sizes=\"auto, (max-width: 300px) 100vw, 300px\" \/>Malha\u00e7\u00e3o<\/em><\/strong> \u2013 nesta segunda-feira, 26 de abril, na novela da Rede Globo Malha\u00e7\u00e3o, Bernardo fica preocupado com rea\u00e7\u00e3o de Cristiana ao saber que ele vai cantar com Bia. No cap\u00edtulo 3799 de Malha\u00e7\u00e3o, Bernardo n\u00e3o gosta da ideia de cantar com Bia e teme que isso interfira em seu relacionamento com Cristiana. Valentina leva Lucca ao Escondidinho e exige que ele n\u00e3o se aproxime mais dela. Lucca se chateia e tranca a ex-namorada no local. Renato fica animado com a dupla Bernardo e Bia. Valentina liga para Victor e pede que a tire do Escondidinho. Let\u00edcia comemora por Serj\u00e3o consider\u00e1-la madura.<\/p>\n<p>Em Malha\u00e7\u00e3o,\u00a0Cissa parabeniza Bia por ter passado no teste para cantar com Bernardo. Victor liberta Valentina do Escondidinho e depois tira satisfa\u00e7\u00f5es com Lucca. Bernardo conta para Cristiana que Bia vai ser sua dupla e ela fica irritada. Victor amea\u00e7a falar com o pai de Valentina se Lucca continuar importunando sua namorada. Bia fala com Cissa que vai fazer de tudo para terminar o namoro de Bernardo e Cristiana. Reco e Jotapeg pensam em como conseguir dinheiro.<\/p>\n<p>Valentina e Victor comemoram o namoro e se beijam em Malha\u00e7\u00e3o. Let\u00edcia comenta com dona T\u00e2nia que acredita que tem chances de ficar com Serj\u00e3o. Bia humilha as The L\u00edcias, que ficam chateadas. Bia provoca Cristiana, que a enfrenta. Clarinha chega em casa com Jonas e Lim\u00e3o e fica envergonhada com a festa que Cissa preparou para ela. Bia joga charme para Bernardo e Cristiana fica irritada. Cristiana tem uma crise de ci\u00fames por causa das provoca\u00e7\u00f5es de Bia e acaba com o ensaio.\u00a0<\/p>\n<p>Em Malha\u00e7\u00e3o<\/p>\n","protected":false},"excerpt":{"rendered":"<p>Malha\u00e7\u00e3o \u2013 nesta segunda-feira, 26 de abril, na novela da Rede Globo Malha\u00e7\u00e3o, Bernardo fica preocupado com rea\u00e7\u00e3o de Cristiana ao saber que ele vai cantar com Bia. No cap\u00edtulo 3799 de Malha\u00e7\u00e3o, Bernardo n\u00e3o gosta da ideia de cantar com Bia e teme que isso interfira em seu relacionamento com Cristiana. Valentina leva Lucca [&hellip;]<\/p>\n","protected":false},"author":3,"featured_media":22587,"comment_status":"open","ping_status":"open","sticky":false,"template":"","format":"standard","meta":{"tdm_status":"","tdm_grid_status":"","footnotes":""},"categories":[22,379,375,343],"tags":[],"class_list":{"0":"post-26703","1":"post","2":"type-post","3":"status-publish","4":"format-standard","5":"has-post-thumbnail","7":"category-brasil","8":"category-novelas","9":"category-rede-globo","10":"category-televisao"},"_links":{"self":[{"href":"https:\/\/migracao.redenoticia.com.br\/noticia\/wp-json\/wp\/v2\/posts\/26703","targetHints":{"allow":["GET"]}}],"collection":[{"href":"https:\/\/migracao.redenoticia.com.br\/noticia\/wp-json\/wp\/v2\/posts"}],"about":[{"href":"https:\/\/migracao.redenoticia.com.br\/noticia\/wp-json\/wp\/v2\/types\/post"}],"author":[{"embeddable":true,"href":"https:\/\/migracao.redenoticia.com.br\/noticia\/wp-json\/wp\/v2\/users\/3"}],"replies":[{"embeddable":true,"href":"https:\/\/migracao.redenoticia.com.br\/noticia\/wp-json\/wp\/v2\/comments?post=26703"}],"version-history":[{"count":0,"href":"https:\/\/migracao.redenoticia.com.br\/noticia\/wp-json\/wp\/v2\/posts\/26703\/revisions"}],"wp:featuredmedia":[{"embeddable":true,"href":"https:\/\/migracao.redenoticia.com.br\/noticia\/wp-json\/wp\/v2\/media\/22587"}],"wp:attachment":[{"href":"https:\/\/migracao.redenoticia.com.br\/noticia\/wp-json\/wp\/v2\/media?parent=26703"}],"wp:term":[{"taxonomy":"category","embeddable":true,"href":"https:\/\/migracao.redenoticia.com.br\/noticia\/wp-json\/wp\/v2\/categories?post=26703"},{"taxonomy":"post_tag","embeddable":true,"href":"https:\/\/migracao.redenoticia.com.br\/noticia\/wp-json\/wp\/v2\/tags?post=26703"}],"curies":[{"name":"wp","href":"https:\/\/api.w.org\/{rel}","templated":true}]}}