{"id":2674,"date":"2009-06-10T10:52:19","date_gmt":"2009-06-10T14:52:19","guid":{"rendered":"http:\/\/www.redenoticia.com.br\/noticia\/?p=2674"},"modified":"2009-06-10T10:52:19","modified_gmt":"2009-06-10T14:52:19","slug":"deputados-definem-regras-da-reforma-eleitoral","status":"publish","type":"post","link":"https:\/\/migracao.redenoticia.com.br\/noticia\/2009\/deputados-definem-regras-da-reforma-eleitoral\/2674","title":{"rendered":"Deputados definem regras da reforma eleitoral"},"content":{"rendered":"<p class=\"MsoNormal\"><strong><\/strong><span style=\"font-size: 11pt; font-family: Arial;\">O grupo de trabalho encarregado de apresentar projeto sobre a reforma eleitoral para o ano que vem fechou hoje acordo em quase 80% dos pontos da proposta apresentada pelo deputado Fl\u00e1vio Dino (PCdoB-MA). A informa\u00e7\u00e3o foi dada pelo deputado, ap\u00f3s reuni\u00e3o do grupo, que durou quase cinco horas. Os parlamentares voltam a se reunir na <span style=\"color: black;\">ter<\/span>\u00e7a-feira (16) da pr\u00f3xima semana para continuar a an\u00e1lise das propostas.<\/p>\n<p>De acordo com Dino, entre os pontos acordados est\u00e1 a autoriza\u00e7\u00e3o para a pr\u00e9-campanha, com regras claras para os chamados pr\u00e9-candidatos. Poder\u00e1 ser permitido, por exemplo, que eles afirmem em entrevistas ou eventos p\u00fablicos que s\u00e3o pr\u00e9-candidatos a determinado cargo. Hoje, isso n\u00e3o \u00e9 permitido. Outro ponto acordado \u00e9 a permiss\u00e3o para a realiza\u00e7\u00e3o de debates entre candidatos, desde que dois <span style=\"color: black;\">ter<\/span>\u00e7os deles aceitem as regras. Atualmente \u00e9 necess\u00e1ria a concord\u00e2ncia de todos.<\/p>\n<p>Os integrantes do grupo de trabalho tamb\u00e9m fecharam acordo para aprovar o prazo m\u00e1ximo de 5 de <span style=\"color: black;\">mar<\/span>\u00e7o para que o Tribunal Superior Eleitoral (TSE) possa editar resolu\u00e7\u00e3o sobre as elei\u00e7\u00f5es. Segundo Fl\u00e1vio Dino, se a resolu\u00e7\u00e3o sair depois dessa data, ela n\u00e3o valer\u00e1 para a elei\u00e7\u00e3o daquele ano, somente para outros pleitos.<\/p>\n<p>Outra regra aprovada pelo grupo \u00e9 a que determina que a Justi\u00e7a priorize as decis\u00f5es sobre os chamados direitos de resposta em rela\u00e7\u00e3o a outras representa\u00e7\u00f5es que tamb\u00e9m devem ser julgadas pela Justi\u00e7a Eleitoral.<\/p>\n<p>Fl\u00e1vio Dino informou que ainda n\u00e3o houve acordo sobre pontos como campanha mais limpa, com a proibi\u00e7\u00e3o de picha\u00e7\u00e3o de muros e coloca\u00e7\u00e3o de cartazes de candidatos; sobre a propaganda paga em jornais e revistas e sobre a propaganda pela <em>internet<\/em>.<\/p>\n<p>Em rela\u00e7\u00e3o ao financiamento p\u00fablico de campanhas, Dino afirmou que essa quest\u00e3o n\u00e3o dever\u00e1 ser tratada na proposta de reforma eleitoral que est\u00e1 sendo analisada pelo grupo de trabalho formado por deputados de todos os partidos. Segundo ele, esse tema s\u00f3 dever\u00e1 ser debatido posteriormente.<\/span><\/p>\n<p class=\"MsoNormal\"><span style=\"font-size: 11pt; font-family: Arial;\"> <\/span><\/p>\n<p class=\"MsoNormal\"><span style=\"font-size: 11pt; font-family: Arial;\">Iolando Louren\u00e7o<br \/>\n<em>Rep\u00f3rter da Ag\u00eancia Brasil<\/em> <\/span><\/p>\n","protected":false},"excerpt":{"rendered":"<p>O grupo de trabalho encarregado de apresentar projeto sobre a reforma eleitoral para o ano que vem fechou hoje acordo em quase 80% dos pontos da proposta apresentada pelo deputado Fl\u00e1vio Dino (PCdoB-MA). A informa\u00e7\u00e3o foi dada pelo deputado, ap\u00f3s reuni\u00e3o do grupo, que durou quase cinco horas. Os parlamentares voltam a se reunir na [&hellip;]<\/p>\n","protected":false},"author":3,"featured_media":0,"comment_status":"open","ping_status":"open","sticky":false,"template":"","format":"standard","meta":{"tdm_status":"","tdm_grid_status":"","footnotes":""},"categories":[22],"tags":[],"class_list":{"0":"post-2674","1":"post","2":"type-post","3":"status-publish","4":"format-standard","6":"category-brasil"},"_links":{"self":[{"href":"https:\/\/migracao.redenoticia.com.br\/noticia\/wp-json\/wp\/v2\/posts\/2674","targetHints":{"allow":["GET"]}}],"collection":[{"href":"https:\/\/migracao.redenoticia.com.br\/noticia\/wp-json\/wp\/v2\/posts"}],"about":[{"href":"https:\/\/migracao.redenoticia.com.br\/noticia\/wp-json\/wp\/v2\/types\/post"}],"author":[{"embeddable":true,"href":"https:\/\/migracao.redenoticia.com.br\/noticia\/wp-json\/wp\/v2\/users\/3"}],"replies":[{"embeddable":true,"href":"https:\/\/migracao.redenoticia.com.br\/noticia\/wp-json\/wp\/v2\/comments?post=2674"}],"version-history":[{"count":0,"href":"https:\/\/migracao.redenoticia.com.br\/noticia\/wp-json\/wp\/v2\/posts\/2674\/revisions"}],"wp:attachment":[{"href":"https:\/\/migracao.redenoticia.com.br\/noticia\/wp-json\/wp\/v2\/media?parent=2674"}],"wp:term":[{"taxonomy":"category","embeddable":true,"href":"https:\/\/migracao.redenoticia.com.br\/noticia\/wp-json\/wp\/v2\/categories?post=2674"},{"taxonomy":"post_tag","embeddable":true,"href":"https:\/\/migracao.redenoticia.com.br\/noticia\/wp-json\/wp\/v2\/tags?post=2674"}],"curies":[{"name":"wp","href":"https:\/\/api.w.org\/{rel}","templated":true}]}}