{"id":2681,"date":"2009-06-10T11:28:04","date_gmt":"2009-06-10T15:28:04","guid":{"rendered":"http:\/\/www.redenoticia.com.br\/noticia\/?p=2681"},"modified":"2009-06-10T11:28:04","modified_gmt":"2009-06-10T15:28:04","slug":"vereador-propoe-construcao-de-sanitarios-publicos-em-ji-parana","status":"publish","type":"post","link":"https:\/\/migracao.redenoticia.com.br\/noticia\/2009\/vereador-propoe-construcao-de-sanitarios-publicos-em-ji-parana\/2681","title":{"rendered":"Vereador prop\u00f5e constru\u00e7\u00e3o de sanit\u00e1rios p\u00fablicos em Ji-Paran\u00e1"},"content":{"rendered":"<div>\n<p align=\"justify\">\n<p align=\"justify\"><span style=\"font-family: Times New Roman; font-size: small;\">O vereador Marcos Rog\u00e9rio  (PDT) apresentou propostas pedindo ao prefeito de Ji-Paran\u00e1, Jos\u00e9 de Abreu  Bianco (DEM), a constru\u00e7\u00e3o de sanit\u00e1rios p\u00fablicos nas Pra\u00e7as da B\u00edblia e Dom  Bosco, no centro da cidade, visando facilitar a perman\u00eancia da comunidade em  eventos realizados nestes espa\u00e7os p\u00fablicos.<\/span><\/p>\n<p align=\"justify\"><span style=\"font-family: Times New Roman; font-size: small;\">O vereador observou que,  al\u00e9m dos eventos, o centro da cidade \u00e9 local de grande movimenta\u00e7\u00e3o de pessoas  por estar perto das ag\u00eancias banc\u00e1rias e igrejas. <\/span><\/p>\n<p align=\"justify\"><span style=\"font-family: Times New Roman; font-size: small;\">\u201c\u00c9 uma necessidade que se  justifica pela demanda di\u00e1ria de pessoas nestes locais, al\u00e9m de ser uma quest\u00e3o  de higiene e sa\u00fade\u201d salientou. <\/span><\/p>\n<p align=\"justify\"><span style=\"font-family: Times New Roman; font-size: small;\">Marcos Rog\u00e9rio destacou o  cuidado da prefeitura em manter os atuais bens p\u00fablicos &#8211; como a Pra\u00e7a da  B\u00edblia, recentemente reformada &#8211; em boas condi\u00e7\u00f5es de uso, mas lembrou que a  modernidade exige adequa\u00e7\u00f5es de natureza simples, como a constru\u00e7\u00e3o de banheiros  para atender os visitantes e transeuntes. \u201cNossa cidade n\u00e3o possui nenhum local  adequado e estrat\u00e9gico para esse fim. A instala\u00e7\u00e3o dos banheiros \u00e9 necess\u00e1ria  para toda popula\u00e7\u00e3o e podemos construir, seja com recursos p\u00fablicos ou atrav\u00e9s  de parcerias com a iniciativa privada\u201d, argumentou.<\/span><\/p>\n<p align=\"justify\"><span style=\"font-family: Times New Roman; font-size: small;\">Sobre a possibilidade de  constru\u00e7\u00e3o atrav\u00e9s de parceria o vereador sugeriu que a prefeitura ofere\u00e7a, em  contrapartida ao investimento, o lado externo como fachada de propaganda das  empresas parceiras. \u201cQuem sabe um banco se ofere\u00e7a para bancar as despesas!  Seria um grande investimento. Atende uma necessidade das pessoas, preserva o  meio ambiente, mant\u00e9m a cidade limpa e garante uma sa\u00fade melhor para todos\u201d,  completou.<\/span><\/p>\n<\/div>\n","protected":false},"excerpt":{"rendered":"<p>O vereador Marcos Rog\u00e9rio (PDT) apresentou propostas pedindo ao prefeito de Ji-Paran\u00e1, Jos\u00e9 de Abreu Bianco (DEM), a constru\u00e7\u00e3o de sanit\u00e1rios p\u00fablicos nas Pra\u00e7as da B\u00edblia e Dom Bosco, no centro da cidade, visando facilitar a perman\u00eancia da comunidade em eventos realizados nestes espa\u00e7os p\u00fablicos. O vereador observou que, al\u00e9m dos eventos, o centro da [&hellip;]<\/p>\n","protected":false},"author":3,"featured_media":0,"comment_status":"open","ping_status":"open","sticky":false,"template":"","format":"standard","meta":{"tdm_status":"","tdm_grid_status":"","footnotes":""},"categories":[22],"tags":[],"class_list":{"0":"post-2681","1":"post","2":"type-post","3":"status-publish","4":"format-standard","6":"category-brasil"},"_links":{"self":[{"href":"https:\/\/migracao.redenoticia.com.br\/noticia\/wp-json\/wp\/v2\/posts\/2681","targetHints":{"allow":["GET"]}}],"collection":[{"href":"https:\/\/migracao.redenoticia.com.br\/noticia\/wp-json\/wp\/v2\/posts"}],"about":[{"href":"https:\/\/migracao.redenoticia.com.br\/noticia\/wp-json\/wp\/v2\/types\/post"}],"author":[{"embeddable":true,"href":"https:\/\/migracao.redenoticia.com.br\/noticia\/wp-json\/wp\/v2\/users\/3"}],"replies":[{"embeddable":true,"href":"https:\/\/migracao.redenoticia.com.br\/noticia\/wp-json\/wp\/v2\/comments?post=2681"}],"version-history":[{"count":0,"href":"https:\/\/migracao.redenoticia.com.br\/noticia\/wp-json\/wp\/v2\/posts\/2681\/revisions"}],"wp:attachment":[{"href":"https:\/\/migracao.redenoticia.com.br\/noticia\/wp-json\/wp\/v2\/media?parent=2681"}],"wp:term":[{"taxonomy":"category","embeddable":true,"href":"https:\/\/migracao.redenoticia.com.br\/noticia\/wp-json\/wp\/v2\/categories?post=2681"},{"taxonomy":"post_tag","embeddable":true,"href":"https:\/\/migracao.redenoticia.com.br\/noticia\/wp-json\/wp\/v2\/tags?post=2681"}],"curies":[{"name":"wp","href":"https:\/\/api.w.org\/{rel}","templated":true}]}}