{"id":26845,"date":"2010-04-26T17:44:47","date_gmt":"2010-04-26T21:44:47","guid":{"rendered":"http:\/\/www.redenoticia.com.br\/noticia\/?p=26845"},"modified":"2012-04-02T15:44:28","modified_gmt":"2012-04-02T18:44:28","slug":"viver-a-vida-luciana-prova-vestido-de-noiva","status":"publish","type":"post","link":"https:\/\/migracao.redenoticia.com.br\/noticia\/2010\/viver-a-vida-luciana-prova-vestido-de-noiva\/26845","title":{"rendered":"Viver a vida &#8211; Luciana prova vestido de noiva"},"content":{"rendered":"<p><strong><em><img loading=\"lazy\" decoding=\"async\" class=\"alignleft size-full wp-image-17353\" title=\"novela globo viver a vida\" src=\"https:\/\/migracao.redenoticia.com.br\/noticia\/imagens\/novela-globo-viver-a-vida.jpg\" alt=\"\" width=\"300\" height=\"193\" srcset=\"https:\/\/migracao.redenoticia.com.br\/noticia\/imagens\/novela-globo-viver-a-vida.jpg 300w, https:\/\/migracao.redenoticia.com.br\/noticia\/imagens\/novela-globo-viver-a-vida-250x160.jpg 250w, https:\/\/migracao.redenoticia.com.br\/noticia\/imagens\/novela-globo-viver-a-vida-150x96.jpg 150w\" sizes=\"auto, (max-width: 300px) 100vw, 300px\" \/>Viver a Vida<\/em><\/strong> &#8211; na <strong><em>novela<\/em><\/strong> da Rede <strong><em>Globo<\/em><\/strong> Viver a Vida, \u00a0destaque para os preparativos para o casamento de Lucian. Em Viver a vida cap\u00edtulo 194 \u2013 ter\u00e7a-feira, dia 27 de abril,\u00a0Soraia insiste para dormir na casa de Garcia, mas ele n\u00e3o deixa. Dora afirma para Matilde que vai resolver a quest\u00e3o da paternidade de seu filho. Jorge fica furioso com Ingrid ao saber que a m\u00e3e conversou com Ariane. Garcia e Rafaela visitam Dora no hospital. Luciana faz a prova do vestido de noiva. Miguel diz que vai convidar Ricardo e Ellen para serem seus padrinhos e Isabel fica irritada. Bruno liga para Luciana e marca um encontro. Ben\u00ea se esfor\u00e7a para ficar \u00e0 vontade na casa de Tomie. Dora, Garcia, Rafaela e Juan Carlos chegam em casa. Luciana, Mia, Isabel e Bruno se encontram na produtora.<\/p>\n<p>Em Viver a Vida cap\u00edtulo 195 \u2013 quarta-feira, dia 28 de abril,\u00a0Luciana e Mia ficam perplexas e Isabel radiante quando Bruno revela que eles s\u00e3o irm\u00e3os. Marcos\u00a0 liga para B\u00fazios e pergunta para Soraia pelo filho de Dora. Matilde e a filha discutem sobre com quem Juan Carlos se parece.<\/p>\n<p>Jorge pede que Ariane perdoe as ofensas que ouviu de Ingrid em Viver a Vida. Jorge comenta com Miguel que quer sair de casa. Matilde afirma que Onofre deve prestar mais aten\u00e7\u00e3o nela em vez de se preocupar com a vida do outros. Soraia diz a Dora que falou para Marcos que Juan Carlos se parece com ele. Carlos e Malu chegam \u00e0 academia juntos e Betina fica incomodada. Bruno pede um abra\u00e7o das irm\u00e3s.<\/p>\n<p>Viver a Vida &#8211; novela da Rede Globo<\/p>\n","protected":false},"excerpt":{"rendered":"<p>Viver a Vida &#8211; na novela da Rede Globo Viver a Vida, \u00a0destaque para os preparativos para o casamento de Lucian. Em Viver a vida cap\u00edtulo 194 \u2013 ter\u00e7a-feira, dia 27 de abril,\u00a0Soraia insiste para dormir na casa de Garcia, mas ele n\u00e3o deixa. Dora afirma para Matilde que vai resolver a quest\u00e3o da paternidade [&hellip;]<\/p>\n","protected":false},"author":3,"featured_media":17353,"comment_status":"open","ping_status":"open","sticky":false,"template":"","format":"standard","meta":{"tdm_status":"","tdm_grid_status":"","footnotes":""},"categories":[22,379,375,343],"tags":[],"class_list":{"0":"post-26845","1":"post","2":"type-post","3":"status-publish","4":"format-standard","5":"has-post-thumbnail","7":"category-brasil","8":"category-novelas","9":"category-rede-globo","10":"category-televisao"},"_links":{"self":[{"href":"https:\/\/migracao.redenoticia.com.br\/noticia\/wp-json\/wp\/v2\/posts\/26845","targetHints":{"allow":["GET"]}}],"collection":[{"href":"https:\/\/migracao.redenoticia.com.br\/noticia\/wp-json\/wp\/v2\/posts"}],"about":[{"href":"https:\/\/migracao.redenoticia.com.br\/noticia\/wp-json\/wp\/v2\/types\/post"}],"author":[{"embeddable":true,"href":"https:\/\/migracao.redenoticia.com.br\/noticia\/wp-json\/wp\/v2\/users\/3"}],"replies":[{"embeddable":true,"href":"https:\/\/migracao.redenoticia.com.br\/noticia\/wp-json\/wp\/v2\/comments?post=26845"}],"version-history":[{"count":0,"href":"https:\/\/migracao.redenoticia.com.br\/noticia\/wp-json\/wp\/v2\/posts\/26845\/revisions"}],"wp:featuredmedia":[{"embeddable":true,"href":"https:\/\/migracao.redenoticia.com.br\/noticia\/wp-json\/wp\/v2\/media\/17353"}],"wp:attachment":[{"href":"https:\/\/migracao.redenoticia.com.br\/noticia\/wp-json\/wp\/v2\/media?parent=26845"}],"wp:term":[{"taxonomy":"category","embeddable":true,"href":"https:\/\/migracao.redenoticia.com.br\/noticia\/wp-json\/wp\/v2\/categories?post=26845"},{"taxonomy":"post_tag","embeddable":true,"href":"https:\/\/migracao.redenoticia.com.br\/noticia\/wp-json\/wp\/v2\/tags?post=26845"}],"curies":[{"name":"wp","href":"https:\/\/api.w.org\/{rel}","templated":true}]}}