{"id":26852,"date":"2010-04-26T18:05:22","date_gmt":"2010-04-26T22:05:22","guid":{"rendered":"http:\/\/www.redenoticia.com.br\/noticia\/?p=26852"},"modified":"2010-04-26T18:05:22","modified_gmt":"2010-04-26T22:05:22","slug":"aprendiz-universitario-estrategia-de-divulgacao-para-cafeteiras","status":"publish","type":"post","link":"https:\/\/migracao.redenoticia.com.br\/noticia\/2010\/aprendiz-universitario-estrategia-de-divulgacao-para-cafeteiras\/26852","title":{"rendered":"Aprendiz Universit\u00e1rio &#8211; estrat\u00e9gia de divulga\u00e7\u00e3o para cafeteiras"},"content":{"rendered":"<p><strong><em><img loading=\"lazy\" decoding=\"async\" class=\"alignleft size-full wp-image-23055\" title=\"joao doria aprendiz universitario\" src=\"https:\/\/migracao.redenoticia.com.br\/noticia\/imagens\/joao-doria-aprendiz-universitario.jpg\" alt=\"\" width=\"300\" height=\"193\" srcset=\"https:\/\/migracao.redenoticia.com.br\/noticia\/imagens\/joao-doria-aprendiz-universitario.jpg 300w, https:\/\/migracao.redenoticia.com.br\/noticia\/imagens\/joao-doria-aprendiz-universitario-250x160.jpg 250w, https:\/\/migracao.redenoticia.com.br\/noticia\/imagens\/joao-doria-aprendiz-universitario-150x96.jpg 150w\" sizes=\"auto, (max-width: 300px) 100vw, 300px\" \/>Aprendiz Universit\u00e1rio<\/em><\/strong> \u2013 no programa Aprendiz Universit\u00e1rio da <strong><em>Rede Record<\/em><\/strong> quatro competidores j\u00e1 foram demitidos por Jo\u00e3o Doria Jr. nesta temporada: Renata Bacha; Mar\u00edlia Bon\u00edzio e Ailton Alves Pereira (em demiss\u00e3o dupla); e Pan Chenxiang. Agora s\u00e3o 12 aprendizes para encarar uma nova tarefa.\u00a0<\/p>\n<p>No quarto epis\u00f3dio do programa Aprendiz Universit\u00e1rio da Rede Record, que ser\u00e1 exibido nesta ter\u00e7a-feira, dia 27, cada equipe (Avant e Up) ter\u00e1 \u00e0 disposi\u00e7\u00e3o um trailer em plena Avenida Paulista, cart\u00e3o postal da cidade de S\u00e3o Paulo. A ideia \u00e9 criar uma estrat\u00e9gia de divulga\u00e7\u00e3o para a cafeteira da Nestl\u00e9, Dolce Gusto. Em cada trailer, os estudantes v\u00e3o fazer a demonstra\u00e7\u00e3o do produto e apresentar suas principais novidades e caracter\u00edsticas. Cada equipe ser\u00e1 respons\u00e1vel por potencializar da melhor maneira a exposi\u00e7\u00e3o do produto no trailer, tendo como foco o Dia das M\u00e3es, comemorado em maio.<\/p>\n<p>Os conselheiros Cristiana Arcangeli e David Barioni acompanhar\u00e3o cada etapa, desde o briefing da tarefa at\u00e9 o resultado final no Aprendiz Universit\u00e1rio da Rede Record. Jo\u00e3o Doria Jr. n\u00e3o poupar\u00e1 ningu\u00e9m, j\u00e1 que espera que os estudantes tenham aprendido com os erros cometidos nas provas anteriores. A exig\u00eancia ser\u00e1 ainda maior e a sala de reuni\u00e3o promete ainda mais emo\u00e7\u00e3o e disputa.<\/p>\n<p>Aprendiz Universit\u00e1rio com Jo\u00e3o Doria Jr. \u00e9 exibido na Rede Record \u00e0s ter\u00e7as e quintas-feiras, \u00e0s 23h, e tem dire\u00e7\u00e3o-geral de Jos\u00e9 Am\u00e2ncio.\u00a0<\/p>\n<p>Aprendiz Universit\u00e1rio &#8211; Rede Record<\/p>\n","protected":false},"excerpt":{"rendered":"<p>Aprendiz Universit\u00e1rio \u2013 no programa Aprendiz Universit\u00e1rio da Rede Record quatro competidores j\u00e1 foram demitidos por Jo\u00e3o Doria Jr. nesta temporada: Renata Bacha; Mar\u00edlia Bon\u00edzio e Ailton Alves Pereira (em demiss\u00e3o dupla); e Pan Chenxiang. Agora s\u00e3o 12 aprendizes para encarar uma nova tarefa.\u00a0 No quarto epis\u00f3dio do programa Aprendiz Universit\u00e1rio da Rede Record, que [&hellip;]<\/p>\n","protected":false},"author":3,"featured_media":23055,"comment_status":"open","ping_status":"open","sticky":false,"template":"","format":"standard","meta":{"tdm_status":"","tdm_grid_status":"","footnotes":""},"categories":[22,371,343],"tags":[],"class_list":{"0":"post-26852","1":"post","2":"type-post","3":"status-publish","4":"format-standard","5":"has-post-thumbnail","7":"category-brasil","8":"category-rede-record","9":"category-televisao"},"_links":{"self":[{"href":"https:\/\/migracao.redenoticia.com.br\/noticia\/wp-json\/wp\/v2\/posts\/26852","targetHints":{"allow":["GET"]}}],"collection":[{"href":"https:\/\/migracao.redenoticia.com.br\/noticia\/wp-json\/wp\/v2\/posts"}],"about":[{"href":"https:\/\/migracao.redenoticia.com.br\/noticia\/wp-json\/wp\/v2\/types\/post"}],"author":[{"embeddable":true,"href":"https:\/\/migracao.redenoticia.com.br\/noticia\/wp-json\/wp\/v2\/users\/3"}],"replies":[{"embeddable":true,"href":"https:\/\/migracao.redenoticia.com.br\/noticia\/wp-json\/wp\/v2\/comments?post=26852"}],"version-history":[{"count":0,"href":"https:\/\/migracao.redenoticia.com.br\/noticia\/wp-json\/wp\/v2\/posts\/26852\/revisions"}],"wp:featuredmedia":[{"embeddable":true,"href":"https:\/\/migracao.redenoticia.com.br\/noticia\/wp-json\/wp\/v2\/media\/23055"}],"wp:attachment":[{"href":"https:\/\/migracao.redenoticia.com.br\/noticia\/wp-json\/wp\/v2\/media?parent=26852"}],"wp:term":[{"taxonomy":"category","embeddable":true,"href":"https:\/\/migracao.redenoticia.com.br\/noticia\/wp-json\/wp\/v2\/categories?post=26852"},{"taxonomy":"post_tag","embeddable":true,"href":"https:\/\/migracao.redenoticia.com.br\/noticia\/wp-json\/wp\/v2\/tags?post=26852"}],"curies":[{"name":"wp","href":"https:\/\/api.w.org\/{rel}","templated":true}]}}