{"id":26854,"date":"2010-04-26T18:07:35","date_gmt":"2010-04-26T22:07:35","guid":{"rendered":"http:\/\/www.redenoticia.com.br\/noticia\/?p=26854"},"modified":"2012-04-02T15:45:05","modified_gmt":"2012-04-02T18:45:05","slug":"caminhos-do-coracao-esta-de-volta","status":"publish","type":"post","link":"https:\/\/migracao.redenoticia.com.br\/noticia\/2010\/caminhos-do-coracao-esta-de-volta\/26854","title":{"rendered":"Caminhos do Cora\u00e7\u00e3o est\u00e1 de volta"},"content":{"rendered":"<p><strong><em>Caminhos do Cora\u00e7\u00e3o<\/em><\/strong> &#8211; amor, aventura e a\u00e7\u00e3o se misturam em uma trama cercada de mist\u00e9rios. Assim \u00e9 Caminhos do Cora\u00e7\u00e3o. A trama central envolve a personagem Maria (Bianca Rinaldi), acrobata do Circo Don Pepe. Logo no in\u00edcio da hist\u00f3ria, a doce e simples artista circense se v\u00ea como a principal suspeita de matar o milion\u00e1rio Dr. S\u00f3crates Mayer (Walmor Chagas), dono da Prog\u00eanese, uma das maiores redes de hospitais, cl\u00ednicas e laborat\u00f3rios do Brasil.<\/p>\n<p>H\u00e1 uma arma\u00e7\u00e3o para que ela seja acusada do crime e Maria cai na armadilha sem entender as raz\u00f5es de estar sendo implicada no assassinato.<\/p>\n<p>Na luta para proteger-se das tramas malignas que a enredam, Maria conta com a ajuda de seus pais, Ana Luz (Faf\u00e1 de Bel\u00e9m) e Pepe (Perfeito Fortuna), grandes artistas, palha\u00e7os maravilhosos, propriet\u00e1rios e apresentadores do monumental Circo Don Pepe, um templo de celebra\u00e7\u00e3o das artes c\u00eanicas e do entretenimento.<\/p>\n<p>Os mist\u00e9rios da novela come\u00e7am a se desenrolar quando Maria descobre que n\u00e3o \u00e9 filha biol\u00f3gica dos donos do circo. Para tentar provar sua inoc\u00eancia e conhecer sua verdadeira origem, a acrobata se torna uma fugitiva e conta com a ajuda do policial federal Marcelo (Leonardo Vieira), que trabalha numa investiga\u00e7\u00e3o para descobrir quem envenenou sua mulher Mabel (Sabrina Greve &#8211; participa\u00e7\u00e3o especial).<\/p>\n<p>Caminhos do Cora\u00e7\u00e3o tem tamb\u00e9m uma trama de realismo fant\u00e1stico, que apresenta crian\u00e7as mutantes. Uma m\u00e9dica, a Dra. J\u00falia (\u00cdtala Nandi), faz secretos experimentos gen\u00e9ticos com embri\u00f5es fertilizados in vitro na cl\u00ednica Prog\u00eanese, onde trabalha.<\/p>\n<p>Os anos passam, essas crian\u00e7as crescem e come\u00e7am a apresentar caracter\u00edsticas diferentes dos humanos comuns. Entre os tra\u00e7os &#8220;especiais&#8221;, est\u00e3o: vis\u00e3o mais agu\u00e7ada (\u00c1gata &#8211; Juliana Xavier), a capacidade de ler pensamentos (Lucas &#8211; Jean Fercondini), asas (\u00c2ngela &#8211; J\u00falia Magessi), uma for\u00e7a f\u00edsica inacredit\u00e1vel (Aquiles &#8211; S\u00e9rgio Malheiros), entre outros poderes sobre-humanos.<\/p>\n<p>Caminhos do Cora\u00e7\u00e3o \u00e9 de autoria de Tiago Santiago e tem a dire\u00e7\u00e3o geral de Alexandre Avancini.<\/p>\n","protected":false},"excerpt":{"rendered":"<p>Caminhos do Cora\u00e7\u00e3o &#8211; amor, aventura e a\u00e7\u00e3o se misturam em uma trama cercada de mist\u00e9rios. Assim \u00e9 Caminhos do Cora\u00e7\u00e3o. A trama central envolve a personagem Maria (Bianca Rinaldi), acrobata do Circo Don Pepe. Logo no in\u00edcio da hist\u00f3ria, a doce e simples artista circense se v\u00ea como a principal suspeita de matar o [&hellip;]<\/p>\n","protected":false},"author":3,"featured_media":0,"comment_status":"open","ping_status":"open","sticky":false,"template":"","format":"standard","meta":{"tdm_status":"","tdm_grid_status":"","footnotes":""},"categories":[22,379,371,343],"tags":[],"class_list":{"0":"post-26854","1":"post","2":"type-post","3":"status-publish","4":"format-standard","6":"category-brasil","7":"category-novelas","8":"category-rede-record","9":"category-televisao"},"_links":{"self":[{"href":"https:\/\/migracao.redenoticia.com.br\/noticia\/wp-json\/wp\/v2\/posts\/26854","targetHints":{"allow":["GET"]}}],"collection":[{"href":"https:\/\/migracao.redenoticia.com.br\/noticia\/wp-json\/wp\/v2\/posts"}],"about":[{"href":"https:\/\/migracao.redenoticia.com.br\/noticia\/wp-json\/wp\/v2\/types\/post"}],"author":[{"embeddable":true,"href":"https:\/\/migracao.redenoticia.com.br\/noticia\/wp-json\/wp\/v2\/users\/3"}],"replies":[{"embeddable":true,"href":"https:\/\/migracao.redenoticia.com.br\/noticia\/wp-json\/wp\/v2\/comments?post=26854"}],"version-history":[{"count":0,"href":"https:\/\/migracao.redenoticia.com.br\/noticia\/wp-json\/wp\/v2\/posts\/26854\/revisions"}],"wp:attachment":[{"href":"https:\/\/migracao.redenoticia.com.br\/noticia\/wp-json\/wp\/v2\/media?parent=26854"}],"wp:term":[{"taxonomy":"category","embeddable":true,"href":"https:\/\/migracao.redenoticia.com.br\/noticia\/wp-json\/wp\/v2\/categories?post=26854"},{"taxonomy":"post_tag","embeddable":true,"href":"https:\/\/migracao.redenoticia.com.br\/noticia\/wp-json\/wp\/v2\/tags?post=26854"}],"curies":[{"name":"wp","href":"https:\/\/api.w.org\/{rel}","templated":true}]}}