{"id":26857,"date":"2010-04-26T18:11:50","date_gmt":"2010-04-26T22:11:50","guid":{"rendered":"http:\/\/www.redenoticia.com.br\/noticia\/?p=26857"},"modified":"2010-04-26T18:11:50","modified_gmt":"2010-04-26T22:11:50","slug":"idolos-2010-audicao-sp-garante-recorde-de-inscritos","status":"publish","type":"post","link":"https:\/\/migracao.redenoticia.com.br\/noticia\/2010\/idolos-2010-audicao-sp-garante-recorde-de-inscritos\/26857","title":{"rendered":"\u00cddolos 2010 &#8211; audi\u00e7\u00e3o SP garante recorde de inscritos"},"content":{"rendered":"<p><strong><em><img loading=\"lazy\" decoding=\"async\" class=\"alignleft size-full wp-image-25704\" title=\"idolos 2010 inscricao audicao estreia\" src=\"https:\/\/migracao.redenoticia.com.br\/noticia\/imagens\/idolos-2010-inscricao-audicao-estreia.jpg\" alt=\"\" width=\"300\" height=\"193\" srcset=\"https:\/\/migracao.redenoticia.com.br\/noticia\/imagens\/idolos-2010-inscricao-audicao-estreia.jpg 300w, https:\/\/migracao.redenoticia.com.br\/noticia\/imagens\/idolos-2010-inscricao-audicao-estreia-250x160.jpg 250w, https:\/\/migracao.redenoticia.com.br\/noticia\/imagens\/idolos-2010-inscricao-audicao-estreia-150x96.jpg 150w\" sizes=\"auto, (max-width: 300px) 100vw, 300px\" \/>\u00cddolos 2010<\/em><\/strong> &#8211; A \u00faltima audi\u00e7\u00e3o do programa \u00cddolos 2010 da <strong><em>Rede Record<\/em><\/strong>, que aconteceu neste s\u00e1bado, dia 24\/04, no Samb\u00f3dromo do Anhembi em S\u00e3o Paulo, recebeu cerca de 20 mil inscri\u00e7\u00f5es, um recorde em rela\u00e7\u00e3o a todas as outras audi\u00e7\u00f5es j\u00e1 realizadas pelo reality show.<\/p>\n<p>Nesta ter\u00e7a e quarta (dias 27 e 28 de abril), os jurados Marco Camargo, Luiz Calainho e Paula Lima entram na t\u00e3o temida sala de audi\u00e7\u00e3o para avaliar os candidatos inscritos em \u00cddolos 2010 da Rede Record na capital paulistana.<\/p>\n<p>Al\u00e9m de S\u00e3o Paulo, a caravana do programa \u00cddolos 2010 da Rede Record tamb\u00e9m realizou audi\u00e7\u00f5es nas cidades de Fortaleza (CE), onde foram registradas 6 mil inscri\u00e7\u00f5es; Florian\u00f3polis (SC), com 4 mil; e Rio de Janeiro, com 13 mil.<\/p>\n<p>No total das audi\u00e7\u00f5es nas quatro capitais brasileiras, 43 mil candidatos oficializaram sua inscri\u00e7\u00e3o na temporada de \u00cddolos 2010 da Rede Record, mais um recorde em rela\u00e7\u00e3o \u00e0 temporada anterior, que registrou 37 mil candidatos.<\/p>\n<p>Depois do grande funil da fase das audi\u00e7\u00f5es, os selecionados nas quatro capitais passam para a segunda etapa do programa, chamada TEATRO. Ser\u00e1 a oportunidade para os candidatos \u00cddolos 2010 da Rede Record cantarem a capela, em dupla, e pisar em um palco pela primeira vez. Segundo os pr\u00f3prios participantes, \u00e9 uma das fases mais dif\u00edceis e competitivas do programa.<\/p>\n<p>\u00cdDOLOS \u00e9 a vers\u00e3o brasileira do &#8220;American Idol&#8221; e tem previs\u00e3o de estreia em junho pela Record. O reality show j\u00e1 foi produzido em mais de 40 pa\u00edses pela FremantleMedia.<\/p>\n<p>\u00cddolos 2010 &#8211; Rede Record<\/p>\n","protected":false},"excerpt":{"rendered":"<p>\u00cddolos 2010 &#8211; A \u00faltima audi\u00e7\u00e3o do programa \u00cddolos 2010 da Rede Record, que aconteceu neste s\u00e1bado, dia 24\/04, no Samb\u00f3dromo do Anhembi em S\u00e3o Paulo, recebeu cerca de 20 mil inscri\u00e7\u00f5es, um recorde em rela\u00e7\u00e3o a todas as outras audi\u00e7\u00f5es j\u00e1 realizadas pelo reality show. Nesta ter\u00e7a e quarta (dias 27 e 28 de [&hellip;]<\/p>\n","protected":false},"author":3,"featured_media":25704,"comment_status":"open","ping_status":"open","sticky":false,"template":"","format":"standard","meta":{"tdm_status":"","tdm_grid_status":"","footnotes":""},"categories":[22,371,343],"tags":[],"class_list":{"0":"post-26857","1":"post","2":"type-post","3":"status-publish","4":"format-standard","5":"has-post-thumbnail","7":"category-brasil","8":"category-rede-record","9":"category-televisao"},"_links":{"self":[{"href":"https:\/\/migracao.redenoticia.com.br\/noticia\/wp-json\/wp\/v2\/posts\/26857","targetHints":{"allow":["GET"]}}],"collection":[{"href":"https:\/\/migracao.redenoticia.com.br\/noticia\/wp-json\/wp\/v2\/posts"}],"about":[{"href":"https:\/\/migracao.redenoticia.com.br\/noticia\/wp-json\/wp\/v2\/types\/post"}],"author":[{"embeddable":true,"href":"https:\/\/migracao.redenoticia.com.br\/noticia\/wp-json\/wp\/v2\/users\/3"}],"replies":[{"embeddable":true,"href":"https:\/\/migracao.redenoticia.com.br\/noticia\/wp-json\/wp\/v2\/comments?post=26857"}],"version-history":[{"count":0,"href":"https:\/\/migracao.redenoticia.com.br\/noticia\/wp-json\/wp\/v2\/posts\/26857\/revisions"}],"wp:featuredmedia":[{"embeddable":true,"href":"https:\/\/migracao.redenoticia.com.br\/noticia\/wp-json\/wp\/v2\/media\/25704"}],"wp:attachment":[{"href":"https:\/\/migracao.redenoticia.com.br\/noticia\/wp-json\/wp\/v2\/media?parent=26857"}],"wp:term":[{"taxonomy":"category","embeddable":true,"href":"https:\/\/migracao.redenoticia.com.br\/noticia\/wp-json\/wp\/v2\/categories?post=26857"},{"taxonomy":"post_tag","embeddable":true,"href":"https:\/\/migracao.redenoticia.com.br\/noticia\/wp-json\/wp\/v2\/tags?post=26857"}],"curies":[{"name":"wp","href":"https:\/\/api.w.org\/{rel}","templated":true}]}}