{"id":2695,"date":"2009-06-10T16:31:53","date_gmt":"2009-06-10T20:31:53","guid":{"rendered":"http:\/\/www.redenoticia.com.br\/noticia\/?p=2695"},"modified":"2009-06-10T16:31:53","modified_gmt":"2009-06-10T20:31:53","slug":"incor-realiza-curso-sobre-nova-tecnica-de-diagnostico-em-doencas-no-torax","status":"publish","type":"post","link":"https:\/\/migracao.redenoticia.com.br\/noticia\/2009\/incor-realiza-curso-sobre-nova-tecnica-de-diagnostico-em-doencas-no-torax\/2695","title":{"rendered":"Incor realiza curso sobre nova t\u00e9cnica de diagn\u00f3stico em doen\u00e7as  no t\u00f3rax"},"content":{"rendered":"<p><em><span>Especialistas do\u00a0<strong>Incor (Instituto do Cora\u00e7\u00e3o) <\/strong><span>e m\u00e9dico <\/span>da Universidade de Harvard apresentar\u00e3o a m\u00e9dicos brasileiros a nova t\u00e9cnica de utrassonografia endobr\u00f4nquica.<\/span><\/em><strong><\/strong><\/p>\n<p><span>O Incor (Instituto do Cora\u00e7\u00e3o do Hospital das Cl\u00ednicas) promover\u00e1 no dia 18 de junho, das 8h \u00e0s 18h, o curso \u201cIntrodu\u00e7\u00e3o \u00e0 T\u00e9cnica de Utrassonografia Endobr\u00f4nquica\u201d, direcionado para m\u00e9dicos. O evento \u00e9 gratuito e marca o lan\u00e7amento no Brasil de uma nova tecnologia em diagn\u00f3stico nas \u00e1reas de pneumologia, cirurgia tor\u00e1cica e oncologia. O exame in\u00e9dito combina ultrassom e dispositivo para realiza\u00e7\u00e3o de bi\u00f3psia \u2013 neste caso, feita sob orienta\u00e7\u00e3o da pr\u00f3pria imagem ultrassonogr\u00e1fica. A t\u00e9cnica pode evitar a necessidade de realiza\u00e7\u00e3o de cirurgia tor\u00e1cica explorat\u00f3ria para estudo de tumores e altera\u00e7\u00f5es dos tecidos na regi\u00e3o, necess\u00e1rio para indica\u00e7\u00e3o do tratamento. Al\u00e9m de especialistas do Incor, o curso contar\u00e1 com a participa\u00e7\u00e3o do renomado m\u00e9dico da Harvard Medical School, Dr. Armin Ernst, especialista em pneumologia intervencionista.<\/span><\/p>\n<p><strong><span> <\/span><\/strong><\/p>\n<p><strong><span>SERVI\u00c7O<\/span><\/strong><\/p>\n<p><span>\u201cIntrodu\u00e7\u00e3o \u00e0 T\u00e9cnica de Utrassonografia Endobr\u00f4nquica\u201d<\/span><\/p>\n<p><span>Dia: 18 de junho de 2009, das 8h \u00e0s 18h<\/span><\/p>\n<p><span>Local: Anfiteatro do Incor \u2013 Av. Dr. En\u00e9as de Carvalho Aguiar, 44 \u2013 2\u00ba andar do bloco II \u2013 Cerqueira C\u00e9sar<\/span><\/p>\n<p><span>Investimento: gratuito<\/span><\/p>\n<p><span>Informa\u00e7\u00f5es e inscri\u00e7\u00f5es: 3069-5372, com Eliana, e\u00a0<a href=\"mailto:laclia@incor.usp.br\" target=\"_blank\">laclia@incor.usp.br<\/a><\/span><\/p>\n","protected":false},"excerpt":{"rendered":"<p>Especialistas do\u00a0Incor (Instituto do Cora\u00e7\u00e3o) e m\u00e9dico da Universidade de Harvard apresentar\u00e3o a m\u00e9dicos brasileiros a nova t\u00e9cnica de utrassonografia endobr\u00f4nquica. O Incor (Instituto do Cora\u00e7\u00e3o do Hospital das Cl\u00ednicas) promover\u00e1 no dia 18 de junho, das 8h \u00e0s 18h, o curso \u201cIntrodu\u00e7\u00e3o \u00e0 T\u00e9cnica de Utrassonografia Endobr\u00f4nquica\u201d, direcionado para m\u00e9dicos. O evento \u00e9 gratuito [&hellip;]<\/p>\n","protected":false},"author":2,"featured_media":0,"comment_status":"open","ping_status":"open","sticky":false,"template":"","format":"standard","meta":{"tdm_status":"","tdm_grid_status":"","footnotes":""},"categories":[5],"tags":[],"class_list":{"0":"post-2695","1":"post","2":"type-post","3":"status-publish","4":"format-standard","6":"category-saude-e-vida"},"_links":{"self":[{"href":"https:\/\/migracao.redenoticia.com.br\/noticia\/wp-json\/wp\/v2\/posts\/2695","targetHints":{"allow":["GET"]}}],"collection":[{"href":"https:\/\/migracao.redenoticia.com.br\/noticia\/wp-json\/wp\/v2\/posts"}],"about":[{"href":"https:\/\/migracao.redenoticia.com.br\/noticia\/wp-json\/wp\/v2\/types\/post"}],"author":[{"embeddable":true,"href":"https:\/\/migracao.redenoticia.com.br\/noticia\/wp-json\/wp\/v2\/users\/2"}],"replies":[{"embeddable":true,"href":"https:\/\/migracao.redenoticia.com.br\/noticia\/wp-json\/wp\/v2\/comments?post=2695"}],"version-history":[{"count":0,"href":"https:\/\/migracao.redenoticia.com.br\/noticia\/wp-json\/wp\/v2\/posts\/2695\/revisions"}],"wp:attachment":[{"href":"https:\/\/migracao.redenoticia.com.br\/noticia\/wp-json\/wp\/v2\/media?parent=2695"}],"wp:term":[{"taxonomy":"category","embeddable":true,"href":"https:\/\/migracao.redenoticia.com.br\/noticia\/wp-json\/wp\/v2\/categories?post=2695"},{"taxonomy":"post_tag","embeddable":true,"href":"https:\/\/migracao.redenoticia.com.br\/noticia\/wp-json\/wp\/v2\/tags?post=2695"}],"curies":[{"name":"wp","href":"https:\/\/api.w.org\/{rel}","templated":true}]}}