{"id":27,"date":"2009-03-28T22:37:00","date_gmt":"2009-03-29T01:37:00","guid":{"rendered":"http:\/\/www.redenoticia.com.br\/noticia\/?p=27"},"modified":"2009-04-10T17:06:12","modified_gmt":"2009-04-10T20:06:12","slug":"saae-de-vilhena-reune-chacareiros-para-discutir-o-uso-adequado-da-agua","status":"publish","type":"post","link":"https:\/\/migracao.redenoticia.com.br\/noticia\/2009\/saae-de-vilhena-reune-chacareiros-para-discutir-o-uso-adequado-da-agua\/27","title":{"rendered":"SAAE de Vilhena re\u00fane chacareiros para discutir o uso adequado da \u00e1gua"},"content":{"rendered":"\n<p>[singlepic id=216 w=320 h=240 float=left]Seguindo determina\u00e7\u00e3o da administra\u00e7\u00e3o municipal, a dire\u00e7\u00e3o do Servi\u00e7o Aut\u00f4nomo de \u00c1guas e Esgoto (SAAE) esteve reunido na tarde de quarta-feira, 25, com alguns criadores de peixes da cidade para discutirem os problemas dos po\u00e7os que atendem os setores chacareiros da cidade.<\/p>\n<p class=\"MsoBodyTextIndent\"><span>Segundo Josaf\u00e1 Lopes Bezerra, diretor da autarquia, o SAAE recebeu uma orienta\u00e7\u00e3o do Minist\u00e9rio P\u00fablico para resolver a den\u00fancia de desvio de \u00e1gua especifica para o consumo humano sendo utilizada para cria\u00e7\u00e3o de peixes. O Minist\u00e9rio P\u00fablico tamb\u00e9m estabeleceu um<\/span> prazo para averiguar e solucionar a quest\u00e3o.<\/p>\n<p class=\"MsoBodyTextIndent\"><span>O diretor do SAAE, Josaf\u00e1, o engenheiro qu\u00edmico-sanitarista, Jamal Badie Daud, e t\u00e9cnicos dos SAAE convocaram alguns criadores de peixes e presidentes de associa\u00e7\u00f5es para discutirem juntos \u00e0 situa\u00e7\u00e3o. Josaf\u00e1 apresentou o problema que est\u00e1 acontecendo no setor chacareiro. &#8220;Hoje a rede de \u00e1gua da zona rural \u00e9 interligada aos po\u00e7os dos setores chacareiros e esse \u00e9 um dos motivos da falta de \u00e1gua durante per\u00edodo de seca no munic\u00edpio&#8221;, explicou.<\/span><\/p>\n<p class=\"MsoBodyTextIndent\"><span>O volume de \u00e1gua utilizado pelos piscicultores \u00e9 bem elevado. Outra dificuldade encontrada \u00e9 a obrigatoriedade da utiliza\u00e7\u00e3o do cloro na \u00e1gua de todos os po\u00e7os. O engenheiro Jamal explicou aos piscicultores que essa \u00e9 uma determina\u00e7\u00e3o do Minist\u00e9rio da Sa\u00fade, atrav\u00e9s da Portaria 518 de 25 de mar\u00e7o de 2004, e da lei federal 11445 que salienta que toda \u00e1gua fornecida deve ser tratada de maneira adequada para consumo humano. &#8220;Esse \u00e9 um pedido do prefeito Z\u00e9 Rover que cumpramos a determina\u00e7\u00e3o do Minist\u00e9rio da Sa\u00fade em rela\u00e7\u00e3o ao tratamento e destino adequado da \u00e1gua no munic\u00edpio. E claro que, se colocarmos cloro necess\u00e1rio na \u00e1gua dos po\u00e7os onde h\u00e1 cria\u00e7\u00e3o de peixes haver\u00e1<\/span> preju\u00edzo na qualidade dos mesmos&#8221;, afirmou Josaf\u00e1.<\/p>\n<p class=\"MsoBodyTextIndent\"><span>O diretor lembrou aos chacareiros que o desejo do prefeito n\u00e3o \u00e9 prejudicar ou cortar a \u00e1gua desses produtores, mais buscar em conjunto uma solu\u00e7\u00e3o para esse problema. Um novo encontro entre SAAE, prefeito Rover e piscicultores ficou marcado para outra data, ap\u00f3s cada associa\u00e7\u00e3o discutirem os assuntos em quest\u00e3o.<\/span><\/p>\n<p class=\"MsoBodyTextIndent\">\n<p class=\"MsoBodyTextIndent\">\n<p class=\"MsoBodyTextIndent\"><span>Fonte: Coordenadoria de Comunica\u00e7\u00e3o &#8211; Vilhena<\/span><\/p>\n<p class=\"MsoNormal\">\n<p class=\"MsoNormal\"><span>Foto<\/span> <strong>vilhena reuniao.jpg<\/strong><\/p>\n","protected":false},"excerpt":{"rendered":"<p>[singlepic id=216 w=320 h=240 float=left]Seguindo determina\u00e7\u00e3o da administra\u00e7\u00e3o municipal, a dire\u00e7\u00e3o do Servi\u00e7o Aut\u00f4nomo de \u00c1guas e Esgoto (SAAE) esteve reunido na tarde de quarta-feira, 25, com alguns criadores de peixes da cidade para discutirem os problemas dos po\u00e7os que atendem os setores chacareiros da cidade. Segundo Josaf\u00e1 Lopes Bezerra, diretor da autarquia, o SAAE [&hellip;]<\/p>\n","protected":false},"author":2,"featured_media":0,"comment_status":"open","ping_status":"open","sticky":false,"template":"","format":"standard","meta":{"tdm_status":"","tdm_grid_status":"","footnotes":""},"categories":[22],"tags":[],"class_list":{"0":"post-27","1":"post","2":"type-post","3":"status-publish","4":"format-standard","6":"category-brasil"},"_links":{"self":[{"href":"https:\/\/migracao.redenoticia.com.br\/noticia\/wp-json\/wp\/v2\/posts\/27","targetHints":{"allow":["GET"]}}],"collection":[{"href":"https:\/\/migracao.redenoticia.com.br\/noticia\/wp-json\/wp\/v2\/posts"}],"about":[{"href":"https:\/\/migracao.redenoticia.com.br\/noticia\/wp-json\/wp\/v2\/types\/post"}],"author":[{"embeddable":true,"href":"https:\/\/migracao.redenoticia.com.br\/noticia\/wp-json\/wp\/v2\/users\/2"}],"replies":[{"embeddable":true,"href":"https:\/\/migracao.redenoticia.com.br\/noticia\/wp-json\/wp\/v2\/comments?post=27"}],"version-history":[{"count":0,"href":"https:\/\/migracao.redenoticia.com.br\/noticia\/wp-json\/wp\/v2\/posts\/27\/revisions"}],"wp:attachment":[{"href":"https:\/\/migracao.redenoticia.com.br\/noticia\/wp-json\/wp\/v2\/media?parent=27"}],"wp:term":[{"taxonomy":"category","embeddable":true,"href":"https:\/\/migracao.redenoticia.com.br\/noticia\/wp-json\/wp\/v2\/categories?post=27"},{"taxonomy":"post_tag","embeddable":true,"href":"https:\/\/migracao.redenoticia.com.br\/noticia\/wp-json\/wp\/v2\/tags?post=27"}],"curies":[{"name":"wp","href":"https:\/\/api.w.org\/{rel}","templated":true}]}}