{"id":2701,"date":"2009-06-10T16:38:42","date_gmt":"2009-06-10T20:38:42","guid":{"rendered":"http:\/\/www.redenoticia.com.br\/noticia\/?p=2701"},"modified":"2009-06-10T16:38:53","modified_gmt":"2009-06-10T20:38:53","slug":"dilma-roussef-vira-a-porto-velho-lancar-o-mutirao-arco-verde-%e2%80%93-terra-legal","status":"publish","type":"post","link":"https:\/\/migracao.redenoticia.com.br\/noticia\/2009\/dilma-roussef-vira-a-porto-velho-lancar-o-mutirao-arco-verde-%e2%80%93-terra-legal\/2701","title":{"rendered":"Dilma Roussef vir\u00e1 a Porto Velho lan\u00e7ar  o Mutir\u00e3o Arco Verde \u2013 Terra Legal"},"content":{"rendered":"<p align=\"justify\"><span style=\"font-family: 'Times New Roman'; font-size: medium;\">A recupera\u00e7\u00e3o de \u00e1reas degradadas nas pequenas propriedades rurais do munic\u00edpio por meio da gradagem e corre\u00e7\u00e3o do solo com aplica\u00e7\u00e3o de calc\u00e1rio; a amplia\u00e7\u00e3o do Programa de Agricultura Integrada Sustent\u00e1vel (PAIS), que incentiva a agricultura org\u00e2nica, isto \u00e9, sem a aplica\u00e7\u00e3o de agrot\u00f3xicos; o programa de apoio \u00e0 retirada da produ\u00e7\u00e3o, por meio de caminh\u00f5es e barcos e a regulariza\u00e7\u00e3o fundi\u00e1ria rural s\u00e3o algumas das a\u00e7\u00f5es j\u00e1 desenvolvidas ou em desenvolvimento pela prefeitura, que ser\u00e3o fortalecidas por ocasi\u00e3o do Mutir\u00e3o Arco Verde \u2013 Terra Legal, que ser\u00e1 lan\u00e7ado simultaneamente em tr\u00eas cidades \u2013 Porto Velho, Alta Floresta (MT) e Marab\u00e1 (PA) \u2013 no pr\u00f3ximo dia 19 e que vai oferecer uma gama de servi\u00e7os a pequenos produtores de 43 munic\u00edpios da Amaz\u00f4nia que figuram entre os maiores desmatadores da floresta.<\/span><\/p>\n<p align=\"justify\"><span style=\"font-family: 'Times New Roman'; font-size: medium;\">Na manh\u00e3 desta quarta-feira (10), em Bras\u00edlia, o prefeito Roberto Sobrinho, um dos coordenadores do evento, participou da cerim\u00f4nia de lan\u00e7amento do Mutir\u00e3o, ao lado dos ministros Guilherme Cassel, do Desenvolvimento Agr\u00e1rio; Carlos Minc, do Meio Ambiente, e da subchefe de Articula\u00e7\u00e3o e Monitoramento da Casa Civil, Tereza Campello. Na ocasi\u00e3o, a ministra-chefe da Casa Civil, Dilma Roussef, confirmou que vir\u00e1 a Porto Velho no dia 19, para fazer o lan\u00e7amento do programa. O presidente Lula, que esteve em Porto Velho recentemente, far\u00e1 o lan\u00e7amento do programa na cidade matogrossense de Alta Floresta.<\/span><\/p>\n<p align=\"justify\"><span style=\"font-family: 'Times New Roman'; font-size: medium;\">O objetivo do mutir\u00e3o \u00e9 levar servi\u00e7os inexistentes na \u00e1rea rural, como acesso aos benef\u00edcios previdenci\u00e1rios, emiss\u00e3o de certid\u00e3o de nascimento, carteira de identidade e do idoso, alistamento militar, cadastramento de pescadores, abertura de contas banc\u00e1rias e licenciamentos ambientais, al\u00e9m de dar in\u00edcio \u00e0 regulariza\u00e7\u00e3o fundi\u00e1ria aos posseiros e fortalecer programas locais.<\/span><\/p>\n<p align=\"justify\"><span style=\"font-family: 'Times New Roman'; font-size: medium;\">\u201cVamos compatibilizar o conjunto de a\u00e7\u00f5es que j\u00e1 desenvolvemos dentro de uma perspectiva do desenvolvimento sustent\u00e1vel, com a\u00e7\u00f5es espec\u00edficas propostas pelo Mutir\u00e3o Arco Verde. Esse mutir\u00e3o vai possibilitar a amplia\u00e7\u00e3o dos nossos programas\u201d, disse o prefeito que est\u00e1 organizando uma grande estrutura a ser montada pela prefeitura na escola Santa Marcelina da BR-364, onde ser\u00e1 montada a base da opera\u00e7\u00e3o, nos dias 19 e 20. S\u00e3o 12 minist\u00e9rios e mais de 20 \u00f3rg\u00e3os p\u00fablicos envolvidos na opera\u00e7\u00e3o.<\/span><\/p>\n<p align=\"justify\"><span style=\"font-family: 'Times New Roman'; font-size: medium;\">PAC<\/span><\/p>\n<p align=\"justify\"><span style=\"font-family: 'Times New Roman'; font-size: medium;\">A ministra Dilma Roussef vai aproveitar a oportunidade para visitar obras do PAC, como os canteiros de obras das usinas hidrel\u00e9tricas do rio Madeira e frentes de trabalho da implanta\u00e7\u00e3o de redes de \u00e1gua e esgoto em Porto Velho.<\/span><\/p>\n","protected":false},"excerpt":{"rendered":"<p>A recupera\u00e7\u00e3o de \u00e1reas degradadas nas pequenas propriedades rurais do munic\u00edpio por meio da gradagem e corre\u00e7\u00e3o do solo com aplica\u00e7\u00e3o de calc\u00e1rio; a amplia\u00e7\u00e3o do Programa de Agricultura Integrada Sustent\u00e1vel (PAIS), que incentiva a agricultura org\u00e2nica, isto \u00e9, sem a aplica\u00e7\u00e3o de agrot\u00f3xicos; o programa de apoio \u00e0 retirada da produ\u00e7\u00e3o, por meio de [&hellip;]<\/p>\n","protected":false},"author":2,"featured_media":0,"comment_status":"open","ping_status":"open","sticky":false,"template":"","format":"standard","meta":{"tdm_status":"","tdm_grid_status":"","footnotes":""},"categories":[22],"tags":[],"class_list":{"0":"post-2701","1":"post","2":"type-post","3":"status-publish","4":"format-standard","6":"category-brasil"},"_links":{"self":[{"href":"https:\/\/migracao.redenoticia.com.br\/noticia\/wp-json\/wp\/v2\/posts\/2701","targetHints":{"allow":["GET"]}}],"collection":[{"href":"https:\/\/migracao.redenoticia.com.br\/noticia\/wp-json\/wp\/v2\/posts"}],"about":[{"href":"https:\/\/migracao.redenoticia.com.br\/noticia\/wp-json\/wp\/v2\/types\/post"}],"author":[{"embeddable":true,"href":"https:\/\/migracao.redenoticia.com.br\/noticia\/wp-json\/wp\/v2\/users\/2"}],"replies":[{"embeddable":true,"href":"https:\/\/migracao.redenoticia.com.br\/noticia\/wp-json\/wp\/v2\/comments?post=2701"}],"version-history":[{"count":0,"href":"https:\/\/migracao.redenoticia.com.br\/noticia\/wp-json\/wp\/v2\/posts\/2701\/revisions"}],"wp:attachment":[{"href":"https:\/\/migracao.redenoticia.com.br\/noticia\/wp-json\/wp\/v2\/media?parent=2701"}],"wp:term":[{"taxonomy":"category","embeddable":true,"href":"https:\/\/migracao.redenoticia.com.br\/noticia\/wp-json\/wp\/v2\/categories?post=2701"},{"taxonomy":"post_tag","embeddable":true,"href":"https:\/\/migracao.redenoticia.com.br\/noticia\/wp-json\/wp\/v2\/tags?post=2701"}],"curies":[{"name":"wp","href":"https:\/\/api.w.org\/{rel}","templated":true}]}}