{"id":2704,"date":"2009-06-10T16:40:46","date_gmt":"2009-06-10T20:40:46","guid":{"rendered":"http:\/\/www.redenoticia.com.br\/noticia\/?p=2704"},"modified":"2009-06-10T16:40:46","modified_gmt":"2009-06-10T20:40:46","slug":"total-de-casos-de-h1n1-chega-a-43","status":"publish","type":"post","link":"https:\/\/migracao.redenoticia.com.br\/noticia\/2009\/total-de-casos-de-h1n1-chega-a-43\/2704","title":{"rendered":"Total de casos de H1N1 chega a 43"},"content":{"rendered":"<p>Quarta-feira, 10\/06\/2009, \u00e0s 16h<\/p>\n<p><span><span>1.<span> <\/span><\/span><\/span><span>O Minist\u00e9rio da Sa\u00fade informa que foram confirmados TR\u00caS NOVOS CASOS de infec\u00e7\u00e3o pelo v\u00edrus Influenza A (H1N1) \u2013 dois em Santa Catarina e um em S\u00e3o Paulo. <\/span><\/p>\n<p><span><span>2.<span> <\/span><\/span><\/span><span>Os pacientes de Santa Catarina foram infectados pelo contato com pessoas que j\u00e1 haviam sido diagnosticadas com a doen\u00e7a, sendo que a contra\u00edram durante viagem ao exterior. Os dois casos s\u00e3o aut\u00f3ctones.<\/span><\/p>\n<p><span><span>3.<span> <\/span><\/span><\/span><span>O paciente de S\u00e3o Paulo foi infectados durante viagem aos Estados Unidos. Os tr\u00eas pacientes est\u00e3o em tratamento e passam bem.<\/span><\/p>\n<p><span><span>4.<span> <\/span><\/span><\/span><span>Com os novos casos, o total de confirmados no pa\u00eds chega a 43. A distribui\u00e7\u00e3o entre os estados fica assim: S\u00e3o Paulo (18), Rio de Janeiro (9), Santa Catarina (8), Tocantins (3), Mato Grosso (2), Distrito Federal, (1) Minas Gerais (1) e Rio Grande do Sul (1).\u00a0<span style=\"text-decoration: underline;\">Para todos os casos, est\u00e3o sendo realizados busca ativa e monitoramento de todas as pessoas que estabeleceram contato pr\u00f3ximo com esses pacientes.<\/span><\/span><\/p>\n<p><span><span>5.<span> <\/span><\/span><\/span><span>Al\u00e9m disso, o Minist\u00e9rio da Sa\u00fade acompanha 45 CASOS SUSPEITOS de Influenza A (H1N1) no pa\u00eds. As amostras com secre\u00e7\u00f5es respirat\u00f3rias dos pacientes est\u00e3o em an\u00e1lise laboratorial. <\/span><\/p>\n<ol type=\"1\">\n<li><span>Os casos suspeitos est\u00e3o nos estados de S\u00e3o Paulo (21), Santa Catarina (7), Rio de Janeiro (2), Paran\u00e1 (1), Distrito Federal (2), Bahia (2), Alagoas (1), Goi\u00e1s (1), Rio Grande do Norte (2), Rond\u00f4nia (2), Minas Gerais (1), Tocantins (1), Pernambuco (1) e Piau\u00ed (1).\u00a0 \u00a0<span style=\"text-decoration: underline;\">O total de casos suspeitos refere-se a informa\u00e7\u00f5es divulgadas pelas secretarias estaduais de Sa\u00fade at\u00e9 as 9h30 desta quarta-feira.<\/span><\/span><\/li>\n<li><span>At\u00e9 o momento, foram DESCARTADOS 437casos.<\/span><\/li>\n<\/ol>\n","protected":false},"excerpt":{"rendered":"<p>Quarta-feira, 10\/06\/2009, \u00e0s 16h 1. O Minist\u00e9rio da Sa\u00fade informa que foram confirmados TR\u00caS NOVOS CASOS de infec\u00e7\u00e3o pelo v\u00edrus Influenza A (H1N1) \u2013 dois em Santa Catarina e um em S\u00e3o Paulo. 2. Os pacientes de Santa Catarina foram infectados pelo contato com pessoas que j\u00e1 haviam sido diagnosticadas com a doen\u00e7a, sendo que [&hellip;]<\/p>\n","protected":false},"author":2,"featured_media":0,"comment_status":"open","ping_status":"open","sticky":false,"template":"","format":"standard","meta":{"tdm_status":"","tdm_grid_status":"","footnotes":""},"categories":[22,5],"tags":[],"class_list":{"0":"post-2704","1":"post","2":"type-post","3":"status-publish","4":"format-standard","6":"category-brasil","7":"category-saude-e-vida"},"_links":{"self":[{"href":"https:\/\/migracao.redenoticia.com.br\/noticia\/wp-json\/wp\/v2\/posts\/2704","targetHints":{"allow":["GET"]}}],"collection":[{"href":"https:\/\/migracao.redenoticia.com.br\/noticia\/wp-json\/wp\/v2\/posts"}],"about":[{"href":"https:\/\/migracao.redenoticia.com.br\/noticia\/wp-json\/wp\/v2\/types\/post"}],"author":[{"embeddable":true,"href":"https:\/\/migracao.redenoticia.com.br\/noticia\/wp-json\/wp\/v2\/users\/2"}],"replies":[{"embeddable":true,"href":"https:\/\/migracao.redenoticia.com.br\/noticia\/wp-json\/wp\/v2\/comments?post=2704"}],"version-history":[{"count":0,"href":"https:\/\/migracao.redenoticia.com.br\/noticia\/wp-json\/wp\/v2\/posts\/2704\/revisions"}],"wp:attachment":[{"href":"https:\/\/migracao.redenoticia.com.br\/noticia\/wp-json\/wp\/v2\/media?parent=2704"}],"wp:term":[{"taxonomy":"category","embeddable":true,"href":"https:\/\/migracao.redenoticia.com.br\/noticia\/wp-json\/wp\/v2\/categories?post=2704"},{"taxonomy":"post_tag","embeddable":true,"href":"https:\/\/migracao.redenoticia.com.br\/noticia\/wp-json\/wp\/v2\/tags?post=2704"}],"curies":[{"name":"wp","href":"https:\/\/api.w.org\/{rel}","templated":true}]}}