{"id":27115,"date":"2010-04-30T16:58:55","date_gmt":"2010-04-30T20:58:55","guid":{"rendered":"http:\/\/www.redenoticia.com.br\/noticia\/?p=27115"},"modified":"2012-04-03T18:44:31","modified_gmt":"2012-04-03T21:44:31","slug":"bela-a-feia-daniel-se-declara-para-vera","status":"publish","type":"post","link":"https:\/\/migracao.redenoticia.com.br\/noticia\/2010\/bela-a-feia-daniel-se-declara-para-vera\/27115","title":{"rendered":"Bela, a Feia \u2013 Daniel se declara para Vera"},"content":{"rendered":"<p><strong><em><img loading=\"lazy\" decoding=\"async\" class=\"alignleft size-full wp-image-17359\" title=\"novela record bela a feia\" src=\"https:\/\/migracao.redenoticia.com.br\/noticia\/imagens\/novela-record-bela-a-feia.jpg\" alt=\"\" width=\"300\" height=\"193\" srcset=\"https:\/\/migracao.redenoticia.com.br\/noticia\/imagens\/novela-record-bela-a-feia.jpg 300w, https:\/\/migracao.redenoticia.com.br\/noticia\/imagens\/novela-record-bela-a-feia-250x160.jpg 250w, https:\/\/migracao.redenoticia.com.br\/noticia\/imagens\/novela-record-bela-a-feia-150x96.jpg 150w\" sizes=\"auto, (max-width: 300px) 100vw, 300px\" \/>Bela, a Feia<\/em><\/strong> \u2013na <strong><em>novela<\/em><\/strong> Bela, a Feia da <strong><em>Rede Record<\/em><\/strong>, Daniel vai declarar seu interesse por Vera. Em Bela, a Feia, cap\u00edtulo de 30\/4\/2010, Dinho e Ataulfo est\u00e3o intrigados pelo fato de n\u00e3o encontrarem nenhuma informa\u00e7\u00e3o sobre Valentina Carvalho. Magdalena revela que Ign\u00e1cio, na verdade, \u00e9 Jacinto. Haroldo, Elvira e Jacinto n\u00e3o conseguem se controlar e riem sem parar. Clemente e Max tamb\u00e9m se divertem ao saber que Vict\u00f3ria \u00e9 Magdalena. Ver\u00f4nica \u00e9 muito sol\u00edcita com Valentina e todos estranham. Ataulfo liga para a sala de Valentina, e Ver\u00f4nica atende. Ele escuta um chiado e desconfia de que o telefone esteja grampeado. Ele disfar\u00e7a com voz de dona Eul\u00e1lia e avisa Ver\u00f4nica que algo est\u00e1 acontecendo. M\u00e1rcia e Douglas ficam irritados ao perceber que a velhinha percebeu que o telefone est\u00e1 grampeado. Ver\u00f4nica sai tensa da sala sem entender nada.<\/p>\n<p>Ataulfo fica surpreso ao perceber o telefone grampeado em Bela, a Feia, e diz que Valentina, al\u00e9m esperta, desconfia de Ver\u00f4nica. Guto convida Samantha para almo\u00e7ar, mas ela recusa por ter muito trabalho a fazer. Olga faz visita surpresa e irrita Dinho e Ataulfo, que n\u00e3o est\u00e3o caracterizados. Victor Hugo, Aninha e Lucas querem conhecer Valentina, j\u00e1 que todos n\u00e3o param de elogiar a nova presidente. Daniel conhece a produtora de Rodrigo e acaba se encontrando com Vera. Olga conta que teve uma outra paix\u00e3o, T\u00falio, mas que morreu de desgosto j\u00e1 que Ricardo pagou para que ele n\u00e3o falasse nada sobre um crime cometido por Adriano. Daniel est\u00e1 visivelmente encantado com Vera, que fica sem jeito. Rodrigo finge n\u00e3o perceber nada.<\/p>\n<p>Ataulfo consola Olga, que chora ao lembrar do drama vivido por seu amor em Bela, a Feia. Ela conta ainda que ap\u00f3s um sonho com T\u00falio, pichou o carro de Adriano, escrevendo &#8220;assassino&#8221;. Ver\u00f4nica provoca C\u00edntia, que fica irritada. Daniel pega carona com Vera e Rodrigo comemora. Rodolfo tamb\u00e9m percebe que rola um clima entre eles. Ver\u00f4nica conta que n\u00e3o existe informa\u00e7\u00e3o alguma sobre o passado de Valentina e C\u00edntia acredita que ela seja uma fraude. Daniel se declara para Vera e a convida para sair. Ela diz que tamb\u00e9m est\u00e1 mexida e os dois trocam olhares apaixonados. C\u00edntia diz que Valentina \u00e9 uma &#8220;testa de ferro&#8221; e que promete descobrir quem est\u00e1 por tr\u00e1s disso. Vera fica sem jeito quando Bela e Rodrigo falam sobre Daniel. Samantha fica feliz ao receber buqu\u00ea de flores de Guto.<\/p>\n<p>Luddy tenta descobrir quem \u00e9 o &#8220;coroa&#8221; que est\u00e1 mandando flores para a m\u00e3e em Bela, a Feia. Bela e Vera ficam preocupadas com o pedido de reuni\u00e3o extraordin\u00e1ria de C\u00edntia. Clemente e Victor Hugo incentivam Magdalena a namorar Jacinto, mas ela se nega. Ver\u00f4nica finge estar indignada quando Ricardo comenta sobre a reuni\u00e3o. C\u00edntia conta para os pais que vai desmascarar Valentina. T\u00e2nia morre de ci\u00fames de Samantha com Guto. Valentina fica intrigada quando C\u00edntia fala para ela aproveitar a presid\u00eancia. Todos querem saber o motivo da reuni\u00e3o. Hort\u00eancia, Luzia e Nelson temem que n\u00e3o seja algo bom. Todos os\u00a0 acionistas est\u00e3o impacientes para a reuni\u00e3o. Diogo tem medo de que C\u00edntia apronte alguma na reuni\u00e3o. C\u00edntia diz ter descoberto que Valentina \u00e9 uma fraude. Bela fica assustad\u00edssima.<\/p>\n<p>Bela, a Feia &#8211; novela da Rede Record<\/p>\n","protected":false},"excerpt":{"rendered":"<p>Bela, a Feia \u2013na novela Bela, a Feia da Rede Record, Daniel vai declarar seu interesse por Vera. Em Bela, a Feia, cap\u00edtulo de 30\/4\/2010, Dinho e Ataulfo est\u00e3o intrigados pelo fato de n\u00e3o encontrarem nenhuma informa\u00e7\u00e3o sobre Valentina Carvalho. Magdalena revela que Ign\u00e1cio, na verdade, \u00e9 Jacinto. Haroldo, Elvira e Jacinto n\u00e3o conseguem se [&hellip;]<\/p>\n","protected":false},"author":3,"featured_media":0,"comment_status":"open","ping_status":"open","sticky":false,"template":"","format":"standard","meta":{"tdm_status":"","tdm_grid_status":"","footnotes":""},"categories":[22,379,371,343],"tags":[],"class_list":{"0":"post-27115","1":"post","2":"type-post","3":"status-publish","4":"format-standard","6":"category-brasil","7":"category-novelas","8":"category-rede-record","9":"category-televisao"},"_links":{"self":[{"href":"https:\/\/migracao.redenoticia.com.br\/noticia\/wp-json\/wp\/v2\/posts\/27115","targetHints":{"allow":["GET"]}}],"collection":[{"href":"https:\/\/migracao.redenoticia.com.br\/noticia\/wp-json\/wp\/v2\/posts"}],"about":[{"href":"https:\/\/migracao.redenoticia.com.br\/noticia\/wp-json\/wp\/v2\/types\/post"}],"author":[{"embeddable":true,"href":"https:\/\/migracao.redenoticia.com.br\/noticia\/wp-json\/wp\/v2\/users\/3"}],"replies":[{"embeddable":true,"href":"https:\/\/migracao.redenoticia.com.br\/noticia\/wp-json\/wp\/v2\/comments?post=27115"}],"version-history":[{"count":0,"href":"https:\/\/migracao.redenoticia.com.br\/noticia\/wp-json\/wp\/v2\/posts\/27115\/revisions"}],"wp:attachment":[{"href":"https:\/\/migracao.redenoticia.com.br\/noticia\/wp-json\/wp\/v2\/media?parent=27115"}],"wp:term":[{"taxonomy":"category","embeddable":true,"href":"https:\/\/migracao.redenoticia.com.br\/noticia\/wp-json\/wp\/v2\/categories?post=27115"},{"taxonomy":"post_tag","embeddable":true,"href":"https:\/\/migracao.redenoticia.com.br\/noticia\/wp-json\/wp\/v2\/tags?post=27115"}],"curies":[{"name":"wp","href":"https:\/\/api.w.org\/{rel}","templated":true}]}}