{"id":2715,"date":"2009-06-10T16:52:10","date_gmt":"2009-06-10T20:52:10","guid":{"rendered":"http:\/\/www.redenoticia.com.br\/noticia\/?p=2715"},"modified":"2009-06-10T16:52:10","modified_gmt":"2009-06-10T20:52:10","slug":"soldado-da-guarda-presidencial-mata-cabo-na-granja-do-torto","status":"publish","type":"post","link":"https:\/\/migracao.redenoticia.com.br\/noticia\/2009\/soldado-da-guarda-presidencial-mata-cabo-na-granja-do-torto\/2715","title":{"rendered":"Soldado da guarda presidencial mata cabo na Granja do Torto"},"content":{"rendered":"<p class=\"MsoNormal\"><span style=\"font-size: 11pt; font-family: Arial;\">Um soldado da guarda presidencial matou a tiros, no in\u00edcio da manh\u00e3 de hoje (10), um cabo tamb\u00e9m da guarda presidencial, na Granja do Torto, uma das resid\u00eancias oficiais da Presid\u00eancia da Rep\u00fablica. Os disparos ocorreram ap\u00f3s uma discuss\u00e3o entre os dois.<\/span><\/p>\n<p class=\"MsoNormal\" style=\"line-height: 12.75pt;\"><span style=\"font-size: 11pt; font-family: Arial;\">As informa\u00e7\u00f5es s\u00e3o do chefe da guarda presidencial, general Gon\u00e7alves Dias. Segundo ele, a v\u00edtima chegou a ser levada para o Hospital das For\u00e7as Armadas.<\/span><\/p>\n<p class=\"MsoNormal\"><span style=\"font-size: 11pt; font-family: Arial;\">Nota divulgada pelo Gabinete de Seguran\u00e7a Institucional da Presid\u00eancia da Rep\u00fablica informa que ser\u00e1 instaurado Inqu\u00e9rito Policial Militar paralelamente \u00e0 investiga\u00e7\u00e3o policial, para apurar as circunst\u00e2ncias da ocorr\u00eancia. O comunicado n\u00e3o informa o nome dos militares envolvidos.<\/span><\/p>\n<p class=\"MsoNormal\" style=\"margin-bottom: 12pt;\"><span style=\"font-size: 11pt; font-family: Arial;\">Yara Aquino<br \/>\n<em>Rep\u00f3rter da Ag\u00eancia Brasil<\/em> <\/span><\/p>\n","protected":false},"excerpt":{"rendered":"<p>Um soldado da guarda presidencial matou a tiros, no in\u00edcio da manh\u00e3 de hoje (10), um cabo tamb\u00e9m da guarda presidencial, na Granja do Torto, uma das resid\u00eancias oficiais da Presid\u00eancia da Rep\u00fablica. Os disparos ocorreram ap\u00f3s uma discuss\u00e3o entre os dois. As informa\u00e7\u00f5es s\u00e3o do chefe da guarda presidencial, general Gon\u00e7alves Dias. Segundo ele, [&hellip;]<\/p>\n","protected":false},"author":3,"featured_media":0,"comment_status":"open","ping_status":"open","sticky":false,"template":"","format":"standard","meta":{"tdm_status":"","tdm_grid_status":"","footnotes":""},"categories":[22],"tags":[],"class_list":{"0":"post-2715","1":"post","2":"type-post","3":"status-publish","4":"format-standard","6":"category-brasil"},"_links":{"self":[{"href":"https:\/\/migracao.redenoticia.com.br\/noticia\/wp-json\/wp\/v2\/posts\/2715","targetHints":{"allow":["GET"]}}],"collection":[{"href":"https:\/\/migracao.redenoticia.com.br\/noticia\/wp-json\/wp\/v2\/posts"}],"about":[{"href":"https:\/\/migracao.redenoticia.com.br\/noticia\/wp-json\/wp\/v2\/types\/post"}],"author":[{"embeddable":true,"href":"https:\/\/migracao.redenoticia.com.br\/noticia\/wp-json\/wp\/v2\/users\/3"}],"replies":[{"embeddable":true,"href":"https:\/\/migracao.redenoticia.com.br\/noticia\/wp-json\/wp\/v2\/comments?post=2715"}],"version-history":[{"count":0,"href":"https:\/\/migracao.redenoticia.com.br\/noticia\/wp-json\/wp\/v2\/posts\/2715\/revisions"}],"wp:attachment":[{"href":"https:\/\/migracao.redenoticia.com.br\/noticia\/wp-json\/wp\/v2\/media?parent=2715"}],"wp:term":[{"taxonomy":"category","embeddable":true,"href":"https:\/\/migracao.redenoticia.com.br\/noticia\/wp-json\/wp\/v2\/categories?post=2715"},{"taxonomy":"post_tag","embeddable":true,"href":"https:\/\/migracao.redenoticia.com.br\/noticia\/wp-json\/wp\/v2\/tags?post=2715"}],"curies":[{"name":"wp","href":"https:\/\/api.w.org\/{rel}","templated":true}]}}