{"id":2717,"date":"2009-06-10T16:53:49","date_gmt":"2009-06-10T20:53:49","guid":{"rendered":"http:\/\/www.redenoticia.com.br\/noticia\/?p=2717"},"modified":"2009-06-10T16:53:49","modified_gmt":"2009-06-10T20:53:49","slug":"presidente-lamenta-morte-de-integrante-da-guarda-presidencial","status":"publish","type":"post","link":"https:\/\/migracao.redenoticia.com.br\/noticia\/2009\/presidente-lamenta-morte-de-integrante-da-guarda-presidencial\/2717","title":{"rendered":"Presidente lamenta morte de integrante da guarda presidencial"},"content":{"rendered":"<p style=\"margin-bottom: 0.0001pt;\"><span class=\"assinatura11\"><\/span><span style=\"font-size: 11pt; font-family: Arial;\">O presidente Luiz In\u00e1cio Lula da Silva lamentou hoje (10) a <span style=\"color: windowtext;\">morte do cabo Jeferson de Oliveira Santos<\/span> do 1\u00ba Regimento de Cavalaria de Guardas, da Presid\u00eancia da Rep\u00fablica. O cabo foi atingido por tiros por um soldado tamb\u00e9m da guarda presidencial na Granja do Torto, uma das resid\u00eancias oficiais da Presid\u00eancia da Rep\u00fablica.<\/p>\n<p>\u201cO presidente lamenta profundamente o incidente\u201d, informou o porta-voz Marcelo Baumbach.<\/p>\n<p>O incidente ocorreu por volta das 9h50 e o cabo chegou a ser encaminhado para o Hospital das For\u00e7as Armadas, mas faleceu por volta das 12h. O soldado respons\u00e1vel pelos disparos foi preso em flagrante e est\u00e1 \u00e0 disposi\u00e7\u00e3o da Justi\u00e7a Militar.<\/p>\n<p>A Pol\u00edcia do Ex\u00e9rcito fez a per\u00edcia do local e foi instaurado Inqu\u00e9rito Policial Militar e tamb\u00e9m Inqu\u00e9rito Policial. O soldado n\u00e3o ter\u00e1 <span class=\"object\"><span id=\"OBJ_PREFIX_DWT334\"><span style=\"border: 1pt solid green; padding: 0cm; font-family: Arial; color: windowtext;\"><\/span><\/span><\/span>o nome revelado at\u00e9 que sejam definidos os encarregados dos inqu\u00e9ritos.<\/p>\n<p>O crime ocorreu ap\u00f3s uma discuss\u00e3o entre o cabo e o subordinado, de acordo com o chefe da guarda presidencial, coronel Gon\u00e7alves Dias.<\/p>\n<p>A seguran\u00e7a na Granja do Torto \u00e9 feita por um sargento, dois cabos e de 20 a 30 soldados, de acordo com informa\u00e7\u00f5es do Gabinete de Seguran\u00e7a Institucional da Presid\u00eancia da Rep\u00fablica. <\/span><\/p>\n<p class=\"MsoNormal\"><span style=\"font-size: 11pt; font-family: Arial;\"> <\/span><\/p>\n<p class=\"MsoNormal\" style=\"margin-bottom: 12pt;\"><span class=\"assinatura11\"><span style=\"font-size: 11pt; font-family: Arial; color: windowtext;\">Yara Aquino <\/span><\/span><span style=\"font-size: 11pt; font-family: Arial;\"><br \/>\n<span class=\"assinatura11\"><em><span style=\"font-family: Arial; color: windowtext;\">Rep\u00f3rter da Ag\u00eancia Brasil<\/span><\/em><\/span><span class=\"assinatura11\"><span style=\"font-family: Arial; color: windowtext;\"> <\/span><\/span><\/span><\/p>\n","protected":false},"excerpt":{"rendered":"<p>O presidente Luiz In\u00e1cio Lula da Silva lamentou hoje (10) a morte do cabo Jeferson de Oliveira Santos do 1\u00ba Regimento de Cavalaria de Guardas, da Presid\u00eancia da Rep\u00fablica. O cabo foi atingido por tiros por um soldado tamb\u00e9m da guarda presidencial na Granja do Torto, uma das resid\u00eancias oficiais da Presid\u00eancia da Rep\u00fablica. \u201cO [&hellip;]<\/p>\n","protected":false},"author":3,"featured_media":0,"comment_status":"open","ping_status":"open","sticky":false,"template":"","format":"standard","meta":{"tdm_status":"","tdm_grid_status":"","footnotes":""},"categories":[22],"tags":[],"class_list":{"0":"post-2717","1":"post","2":"type-post","3":"status-publish","4":"format-standard","6":"category-brasil"},"_links":{"self":[{"href":"https:\/\/migracao.redenoticia.com.br\/noticia\/wp-json\/wp\/v2\/posts\/2717","targetHints":{"allow":["GET"]}}],"collection":[{"href":"https:\/\/migracao.redenoticia.com.br\/noticia\/wp-json\/wp\/v2\/posts"}],"about":[{"href":"https:\/\/migracao.redenoticia.com.br\/noticia\/wp-json\/wp\/v2\/types\/post"}],"author":[{"embeddable":true,"href":"https:\/\/migracao.redenoticia.com.br\/noticia\/wp-json\/wp\/v2\/users\/3"}],"replies":[{"embeddable":true,"href":"https:\/\/migracao.redenoticia.com.br\/noticia\/wp-json\/wp\/v2\/comments?post=2717"}],"version-history":[{"count":0,"href":"https:\/\/migracao.redenoticia.com.br\/noticia\/wp-json\/wp\/v2\/posts\/2717\/revisions"}],"wp:attachment":[{"href":"https:\/\/migracao.redenoticia.com.br\/noticia\/wp-json\/wp\/v2\/media?parent=2717"}],"wp:term":[{"taxonomy":"category","embeddable":true,"href":"https:\/\/migracao.redenoticia.com.br\/noticia\/wp-json\/wp\/v2\/categories?post=2717"},{"taxonomy":"post_tag","embeddable":true,"href":"https:\/\/migracao.redenoticia.com.br\/noticia\/wp-json\/wp\/v2\/tags?post=2717"}],"curies":[{"name":"wp","href":"https:\/\/api.w.org\/{rel}","templated":true}]}}