{"id":2722,"date":"2009-06-14T10:58:39","date_gmt":"2009-06-14T14:58:39","guid":{"rendered":"http:\/\/www.redenoticia.com.br\/noticia\/?p=2722"},"modified":"2009-06-14T11:40:30","modified_gmt":"2009-06-14T15:40:30","slug":"senado-vota-terca-feira-a-pec-dos-vereadores","status":"publish","type":"post","link":"https:\/\/migracao.redenoticia.com.br\/noticia\/2009\/senado-vota-terca-feira-a-pec-dos-vereadores\/2722","title":{"rendered":"Senado vota ter\u00e7a-feira a PEC dos Vereadores"},"content":{"rendered":"<p class=\"MsoNormal\"><span style=\"font-size: 11pt; font-family: Arial;\">Os l\u00edderes dos partidos no Senado transferiram para a pr\u00f3xima ter\u00e7a-feira (16) a vota\u00e7\u00e3o dos dois turnos da proposta de emenda \u00e0 Constitui\u00e7\u00e3o (PEC), que aumenta o n\u00famero de vereadores de 51.748 para 59.302 em todo o pa\u00eds. A mat\u00e9ria estava na pauta de hoje (10) do plen\u00e1rio mas, por causa do n\u00famero reduzido de senadores presentes, os l\u00edderes resolveram deixar a vota\u00e7\u00e3o para depois do feriado de Corpus Christi (amanh\u00e3, 11).<\/p>\n<p>A PEC tamb\u00e9m estabelece cinco faixas com percentuais m\u00e1ximos de gastos das c\u00e2maras de vereadores. tomando por base o n\u00famero de habitantes dos munic\u00edpios. Para entrar em vigor, a mat\u00e9ria ainda ter\u00e1 que ser apreciada pela C\u00e2mara dos Deputados, tamb\u00e9m em dois turnos, ap\u00f3s ser aprovada pelos senadores.<\/p>\n<p>Pelo texto, o percentual de gastos dos or\u00e7amentos municipais \u00e9 reduzido na ordem inversa do n\u00famero de habitantes. Cidades com 101 a 300 mil habitantes ter\u00e3o que reduzir seus gastos de 8% para 6% do or\u00e7amento previsto. J\u00e1 munic\u00edpios com mais de oito milh\u00f5es de habitantes dever\u00e3o gastar, no m\u00e1ximo, 3,5% dos recursos or\u00e7ament\u00e1rios.<\/p>\n<p>Durante a tramita\u00e7\u00e3o, centenas de vereadores estiveram no Senado com o objetivo de pressionar os parlamentares para votar a mat\u00e9ria. Foi assim na Comiss\u00e3o de Constitui\u00e7\u00e3o e Justi\u00e7a (CCJ) e, hoje, n\u00e3o foi diferente em plen\u00e1rio. V\u00e1rios suplentes, que n\u00e3o obtiveram os votos necess\u00e1rios para ocupar uma cadeira nas c\u00e2maras municipais, compareceram ao Senado com o objetivo de acompanhar a vota\u00e7\u00e3o. <\/span><\/p>\n<p class=\"MsoNormal\" style=\"margin-bottom: 12pt;\"><span style=\"font-size: 11pt; font-family: Arial;\">Marcos Chagas<br \/>\n<em>Rep\u00f3rter da Ag\u00eancia Brasil<\/em> <\/span><\/p>\n","protected":false},"excerpt":{"rendered":"<p>Os l\u00edderes dos partidos no Senado transferiram para a pr\u00f3xima ter\u00e7a-feira (16) a vota\u00e7\u00e3o dos dois turnos da proposta de emenda \u00e0 Constitui\u00e7\u00e3o (PEC), que aumenta o n\u00famero de vereadores de 51.748 para 59.302 em todo o pa\u00eds. A mat\u00e9ria estava na pauta de hoje (10) do plen\u00e1rio mas, por causa do n\u00famero reduzido de [&hellip;]<\/p>\n","protected":false},"author":3,"featured_media":0,"comment_status":"open","ping_status":"open","sticky":false,"template":"","format":"standard","meta":{"tdm_status":"","tdm_grid_status":"","footnotes":""},"categories":[22],"tags":[],"class_list":{"0":"post-2722","1":"post","2":"type-post","3":"status-publish","4":"format-standard","6":"category-brasil"},"_links":{"self":[{"href":"https:\/\/migracao.redenoticia.com.br\/noticia\/wp-json\/wp\/v2\/posts\/2722","targetHints":{"allow":["GET"]}}],"collection":[{"href":"https:\/\/migracao.redenoticia.com.br\/noticia\/wp-json\/wp\/v2\/posts"}],"about":[{"href":"https:\/\/migracao.redenoticia.com.br\/noticia\/wp-json\/wp\/v2\/types\/post"}],"author":[{"embeddable":true,"href":"https:\/\/migracao.redenoticia.com.br\/noticia\/wp-json\/wp\/v2\/users\/3"}],"replies":[{"embeddable":true,"href":"https:\/\/migracao.redenoticia.com.br\/noticia\/wp-json\/wp\/v2\/comments?post=2722"}],"version-history":[{"count":0,"href":"https:\/\/migracao.redenoticia.com.br\/noticia\/wp-json\/wp\/v2\/posts\/2722\/revisions"}],"wp:attachment":[{"href":"https:\/\/migracao.redenoticia.com.br\/noticia\/wp-json\/wp\/v2\/media?parent=2722"}],"wp:term":[{"taxonomy":"category","embeddable":true,"href":"https:\/\/migracao.redenoticia.com.br\/noticia\/wp-json\/wp\/v2\/categories?post=2722"},{"taxonomy":"post_tag","embeddable":true,"href":"https:\/\/migracao.redenoticia.com.br\/noticia\/wp-json\/wp\/v2\/tags?post=2722"}],"curies":[{"name":"wp","href":"https:\/\/api.w.org\/{rel}","templated":true}]}}