{"id":2731,"date":"2009-06-12T10:21:15","date_gmt":"2009-06-12T14:21:15","guid":{"rendered":"http:\/\/www.redenoticia.com.br\/noticia\/?p=2731"},"modified":"2009-06-12T10:23:47","modified_gmt":"2009-06-12T14:23:47","slug":"comeca-o-circuito-da-moda-em-sao-paulo","status":"publish","type":"post","link":"https:\/\/migracao.redenoticia.com.br\/noticia\/2009\/comeca-o-circuito-da-moda-em-sao-paulo\/2731","title":{"rendered":"Come\u00e7a o circuito da moda em S\u00e3o Paulo"},"content":{"rendered":"<div class=\"postentry\">\n<p><a href=\"https:\/\/migracao.redenoticia.com.br\/noticia\/imagens\/\/spfw.jpg\"><img loading=\"lazy\" decoding=\"async\" class=\"alignleft size-medium wp-image-2775\" title=\"spfw\" src=\"https:\/\/migracao.redenoticia.com.br\/noticia\/imagens\/\/spfw-249x187.jpg\" alt=\"spfw\" width=\"249\" height=\"187\" \/><\/a>\u00c9 dada a largada no circuito da moda em S\u00e3o Paulo. A ind\u00fastria fashion mais  uma vez invade a cidade e a coloca no calend\u00e1rio internacional. Ser\u00e3o v\u00e1rios  acontecimentos relacionados ao setor, uma \u00f3tima oportunidade para os visitantes  unirem neg\u00f3cios e entretenimento na capital latino-americana da cultura.<\/p>\n<p>E o circuito come\u00e7a com a aclamada S\u00e3o Paulo Fashion Week \u2013 edi\u00e7\u00e3o Ver\u00e3o  2010, evento que re\u00fane alguns dos mais conceituados estilistas e grifes do  Brasil e do mundo para apresentar as tend\u00eancias da pr\u00f3xima esta\u00e7\u00e3o. \u201cA voca\u00e7\u00e3o  de S\u00e3o Paulo s\u00e3o os eventos e a cultura. Atra\u00e7\u00f5es grandiosas s\u00e3o o alvo da  SPTuris e da Prefeitura para incrementar ainda mais o turismo, gerar arrecada\u00e7\u00e3o  de ISS, movimentar a economia e criar novos postos de trabalho. Al\u00e9m disso,  eventos como o SP Fashion Week divulgam a capital paulista pelo mundo e  caracterizam a metr\u00f3pole como cidade de vanguarda, geradora de tend\u00eancias e  estilos, al\u00e9m de incentivar jovens talentos criativos paulistanos\u201d, afirma o  presidente da S\u00e3o Paulo Turismo (SPTuris), Caio Luiz de Carvalho.<\/p>\n<p>Segundo estimativa do Observat\u00f3rio do Turismo da Cidade de S\u00e3o Paulo, n\u00facleo  de estudos e pesquisas da SPTuris, a semana de moda pode atrair 38 mil turistas  que movimentam aproximadamente R$ 85 milh\u00f5es na economia da capital.<\/p>\n<p>Mas v\u00e1rios outros grandes eventos do segmento prometem agitar a cidade este  m\u00eas. \u201cNo in\u00edcio e no meio do ano, temos um verdadeiro cluster da moda e da  ind\u00fastria t\u00eaxtil em S\u00e3o Paulo, iniciativa que estimulamos. Aproveitando eventos  com o SP Fashion Week, a Couromoda (in\u00edcio do ano), FIT e Sal\u00e3o Moda Brasil, as  ag\u00eancias de receptivo e os hot\u00e9is montam pacotes especiais e toda a cadeira  produtiva \u00e9 movimentada, gerando ou conservando postos de trabalho\u201d, completa  Caio Carvalho.<\/p>\n<p>Eventos do setor (moda\/ind\u00fastria t\u00eaxtil) em junho de 2009:<\/p>\n<p><strong>1\u00ba ENCONTRO DE MARCAS &#8211; MODA E DECORA\u00c7\u00c3O<\/strong><br \/>\nLocal: Espa\u00e7o  Quat\u00e1<br \/>\nEndere\u00e7o: Rua Quat\u00e1, 804- Vila Ol\u00edmpia &#8211; S\u00e3o Paulo &#8211; SP<br \/>\nData:  15\/06\/2009 at\u00e9 18\/06\/2009<br \/>\nWebsite:<a href=\"http:\/\/ www.encontrodemarcas.com.br\/2009\/\"> www.encontrodemarcas.com.br\/2009\/<\/a><\/p>\n<p><strong>FIT 0\/16 &#8211; 33\u00b0 FEIRA INTERNACIONAL DO SETOR INFANTO-JUVENIL\/TEEN E  BEB\u00ca <\/strong><br \/>\nLocal: Expo Center Norte<br \/>\nEndere\u00e7o: Rua Jos\u00e9 Bernardo Pinto,  333 &#8211; Vila Guilherme &#8211; S\u00e3o Paulo<br \/>\nData: 16\/06\/2009 at\u00e9 19\/06\/2009<br \/>\nWebsite:  <a href=\"http:\/\/www.fit016.com.br\/\">www.fit016.com.br<\/a><\/p>\n<p><strong>FEIRA DA PECHINCHA DA GESTANTE, BEB\u00ca E CRIAN\u00c7A<\/strong><br \/>\nLocal:  Expo Center Norte<br \/>\nEndere\u00e7o: Av. Otto Baumgart, 100 &#8211; Vila Guilherme &#8211; S\u00e3o  Paulo<br \/>\nData: 16\/06\/2009 at\u00e9 21\/06\/2009<br \/>\nWebsite: <a href=\"http:\/\/www.feiradobebe.com.br\/\">www.feiradobebe.com.br<\/a><\/p>\n<p><strong>PROJETO COMPRADOR &#8211; ABEST &#8211; S\u00c3O PAULO FASHION WEEK <\/strong><br \/>\nLocal: Mercure Grand Hotel S\u00e3o Paulo Ibirapuera<br \/>\nEndere\u00e7o: Rua  Joinville, 515 &#8211; Ibirapuera &#8211; S\u00e3o Paulo<br \/>\nData: 17\/06\/2009 at\u00e9  20\/06\/2009<br \/>\nWebsite: <a href=\"http:\/\/www.abest.com.br\/\">www.abest.com.br<\/a><\/p>\n<p><strong>SPFW S\u00c3O PAULO FASHION WEEK<\/strong><br \/>\nLocal: Bienal do  Ibirapuera<br \/>\nEndere\u00e7o: Av. Pedro Alvares Cabral, s\/n\u00ba &#8211; Ibirapuera &#8211; S\u00e3o  Paulo<br \/>\nData: 17\/06\/2009 at\u00e9 22\/06\/2009<br \/>\nWebsite: <a href=\"http:\/\/www.spfw.com.br\/\">www.spfw.com.br <\/a><\/p>\n<p><strong>BRASILSHOP &#8211; IX FEIRA INTERNACIONAL DE TECNOLOGIA E SUPRIMENTOS PARA  LOJISTAS E SHOPPING CENTERS\/ IX CONGRESSO INTERNACIONAL DE VAREJO <\/strong><br \/>\nLocal: Expo Center Norte<br \/>\nEndere\u00e7o: Rua Jos\u00e9 Bernardo Pinto, 333  &#8211; Vila Guilherme &#8211; S\u00e3o Paulo<br \/>\nData: 17\/06\/2009 at\u00e9 20\/06\/2009<br \/>\nWebsite: <a href=\"http:\/\/www.brasilshop2009.com.br\/\">www.brasilshop2009.com.br <\/a><\/p>\n<p><strong>CHECKLIST NOIVAS TWO DAYS<\/strong><br \/>\nLocal: Sonesta S\u00e3o Paulo  Ibirapuera<br \/>\nEndere\u00e7o: Av. Ibirapuera, 2.534 &#8211; Moema &#8211; S\u00e3o Paulo<br \/>\nData:  27\/06\/2009 at\u00e9 28\/06\/2009<br \/>\nHor\u00e1rio: 27\/06 das 11h00 \u00e0s 20h00 28\/06 das 11h00  \u00e0s 19h00<br \/>\nWebsite: <a href=\"http:\/\/www.checklistnoivas.com.br\/\">www.checklistnoivas.com.br<\/a><\/p>\n<p><strong>1\u00ba SAL\u00c3O MODA BRASIL<\/strong><br \/>\nLocal: Expo Center  Norte<br \/>\nEndere\u00e7o: Rua Jos\u00e9 Bernardo Pinto, 333 &#8211; Vila Guilherme<br \/>\nData:  28\/06\/2009 at\u00e9 30\/06\/2009<br \/>\nWebsite: <a href=\"http:\/\/www.salaomodabrasil.com.br\/\">www.salaomodabrasil.com.br <\/a><\/p>\n<p><strong>37\u00ba ENCONTRO DA MODA FEMININA<\/strong><br \/>\nLocal: Centro de Conven\u00e7\u00f5es  Frei Caneca<br \/>\nEndere\u00e7o: Rua Frei Caneca, 569 &#8211; Cerqueira C\u00e9sar<br \/>\nData:  30\/06\/2009 at\u00e9 03\/07\/2009<br \/>\nWebsite: <a href=\"http:\/\/www.encontrodamoda.com.br\/\">www.encontrodamoda.com.br <\/a><\/div>\n<p class=\"postfeedback\">\n<p class=\"postfeedback\">Fonte News Free<\/p>\n","protected":false},"excerpt":{"rendered":"<p>\u00c9 dada a largada no circuito da moda em S\u00e3o Paulo. A ind\u00fastria fashion mais uma vez invade a cidade e a coloca no calend\u00e1rio internacional. Ser\u00e3o v\u00e1rios acontecimentos relacionados ao setor, uma \u00f3tima oportunidade para os visitantes unirem neg\u00f3cios e entretenimento na capital latino-americana da cultura. E o circuito come\u00e7a com a aclamada S\u00e3o [&hellip;]<\/p>\n","protected":false},"author":3,"featured_media":0,"comment_status":"open","ping_status":"open","sticky":false,"template":"","format":"standard","meta":{"tdm_status":"","tdm_grid_status":"","footnotes":""},"categories":[22],"tags":[],"class_list":{"0":"post-2731","1":"post","2":"type-post","3":"status-publish","4":"format-standard","6":"category-brasil"},"_links":{"self":[{"href":"https:\/\/migracao.redenoticia.com.br\/noticia\/wp-json\/wp\/v2\/posts\/2731","targetHints":{"allow":["GET"]}}],"collection":[{"href":"https:\/\/migracao.redenoticia.com.br\/noticia\/wp-json\/wp\/v2\/posts"}],"about":[{"href":"https:\/\/migracao.redenoticia.com.br\/noticia\/wp-json\/wp\/v2\/types\/post"}],"author":[{"embeddable":true,"href":"https:\/\/migracao.redenoticia.com.br\/noticia\/wp-json\/wp\/v2\/users\/3"}],"replies":[{"embeddable":true,"href":"https:\/\/migracao.redenoticia.com.br\/noticia\/wp-json\/wp\/v2\/comments?post=2731"}],"version-history":[{"count":0,"href":"https:\/\/migracao.redenoticia.com.br\/noticia\/wp-json\/wp\/v2\/posts\/2731\/revisions"}],"wp:attachment":[{"href":"https:\/\/migracao.redenoticia.com.br\/noticia\/wp-json\/wp\/v2\/media?parent=2731"}],"wp:term":[{"taxonomy":"category","embeddable":true,"href":"https:\/\/migracao.redenoticia.com.br\/noticia\/wp-json\/wp\/v2\/categories?post=2731"},{"taxonomy":"post_tag","embeddable":true,"href":"https:\/\/migracao.redenoticia.com.br\/noticia\/wp-json\/wp\/v2\/tags?post=2731"}],"curies":[{"name":"wp","href":"https:\/\/api.w.org\/{rel}","templated":true}]}}