{"id":2737,"date":"2009-06-11T10:36:27","date_gmt":"2009-06-11T14:36:27","guid":{"rendered":"http:\/\/www.redenoticia.com.br\/noticia\/?p=2737"},"modified":"2009-06-11T10:36:27","modified_gmt":"2009-06-11T14:36:27","slug":"apple-renova-linha-de-notebooks-e-lanca-mac-air-mais-barato","status":"publish","type":"post","link":"https:\/\/migracao.redenoticia.com.br\/noticia\/2009\/apple-renova-linha-de-notebooks-e-lanca-mac-air-mais-barato\/2737","title":{"rendered":"Apple renova linha de notebooks e lan\u00e7a Mac Air mais barato"},"content":{"rendered":"<p>A Apple revelou nesta segunda-feira uma vers\u00e3o mais barata do notebook Mac  air, abrindo sua confer\u00eancia anual para desenvolvedores sem a presen\u00e7a do l\u00edder  da empresa, Steve Jobs.<\/p>\n<p>O novo MacBook Air tem pre\u00e7o inicial de 1.499 d\u00f3lares, um corte de 300  d\u00f3lares no pre\u00e7o do produto. A empresa tamb\u00e9m revelou um novo modelo do MacBook  Pro de 13 polegadas, com pre\u00e7o inicial de 1.199 d\u00f3lares.<\/p>\n<p>As a\u00e7\u00f5es da companhia ca\u00edam 2,7 por cento ap\u00f3s os an\u00fancios depois de  acumularem alta de 6,5 por cento na semana anterior.<\/p>\n<p>Expectativas de um retorno de Jobs a eventos p\u00fablicos da companhia at\u00e9 um  poss\u00edvel lan\u00e7amento de um computador port\u00e1til compacto ou um iPhone mais barato  marcaram os meses anteriores \u00e0 abertura da confer\u00eancia da companhia. Jobs est\u00e1  afastado de eventos p\u00fablicos da Apple at\u00e9 o final de junho por motivos de  sa\u00fade.<\/p>\n<p>Nesta segunda-feira, uma reportagem da CNBC divulgou que a Apple tinha planos  de reduzir \u201cagressivamente\u201d os pre\u00e7os de novos iPhones e de atualizar toda sua  linha dos celulares.<\/p>\n<p>Jobs, que se submeteu a tratamento contra c\u00e2ncer no p\u00e2ncreas, n\u00e3o apareceu  nos an\u00fancios da empresa desta segunda-feira. Ele surpreendeu o mercado em  janeiro ao anunciar seu afastamento e afirmando que seus problemas de sa\u00fade eram  mais complexos do que se pensava.<\/p>\n<p>Apesar da linha de produtos que se renova lentamente, na redu\u00e7\u00e3o dos gastos  dos consumidores e incertezas em torno de um poss\u00edvel plano de sucess\u00e3o na  empresa, investidores parecem se sentir confort\u00e1veis com a ideia de uma Apple  sem Jobs. As a\u00e7\u00f5es da empresa saltaram 85 por cento desde o an\u00fancio do  afastamento do executivo em 14 de janeiro.<\/p>\n<p>NOVIDADES<\/p>\n<p>No an\u00fancio da companhia nesta segunda-feira, a Apple informou que vendeu mais  de 40 milh\u00f5es de iPhones e players de m\u00eddia digital iPod. A empresa divulgou  ainda que sua loja online de aplicativos tem mais de 50 mil programas  dispon\u00edveis.<\/p>\n","protected":false},"excerpt":{"rendered":"<p>A Apple revelou nesta segunda-feira uma vers\u00e3o mais barata do notebook Mac air, abrindo sua confer\u00eancia anual para desenvolvedores sem a presen\u00e7a do l\u00edder da empresa, Steve Jobs. O novo MacBook Air tem pre\u00e7o inicial de 1.499 d\u00f3lares, um corte de 300 d\u00f3lares no pre\u00e7o do produto. A empresa tamb\u00e9m revelou um novo modelo do [&hellip;]<\/p>\n","protected":false},"author":3,"featured_media":0,"comment_status":"open","ping_status":"open","sticky":false,"template":"","format":"standard","meta":{"tdm_status":"","tdm_grid_status":"","footnotes":""},"categories":[22,7],"tags":[],"class_list":{"0":"post-2737","1":"post","2":"type-post","3":"status-publish","4":"format-standard","6":"category-brasil","7":"category-economia"},"_links":{"self":[{"href":"https:\/\/migracao.redenoticia.com.br\/noticia\/wp-json\/wp\/v2\/posts\/2737","targetHints":{"allow":["GET"]}}],"collection":[{"href":"https:\/\/migracao.redenoticia.com.br\/noticia\/wp-json\/wp\/v2\/posts"}],"about":[{"href":"https:\/\/migracao.redenoticia.com.br\/noticia\/wp-json\/wp\/v2\/types\/post"}],"author":[{"embeddable":true,"href":"https:\/\/migracao.redenoticia.com.br\/noticia\/wp-json\/wp\/v2\/users\/3"}],"replies":[{"embeddable":true,"href":"https:\/\/migracao.redenoticia.com.br\/noticia\/wp-json\/wp\/v2\/comments?post=2737"}],"version-history":[{"count":0,"href":"https:\/\/migracao.redenoticia.com.br\/noticia\/wp-json\/wp\/v2\/posts\/2737\/revisions"}],"wp:attachment":[{"href":"https:\/\/migracao.redenoticia.com.br\/noticia\/wp-json\/wp\/v2\/media?parent=2737"}],"wp:term":[{"taxonomy":"category","embeddable":true,"href":"https:\/\/migracao.redenoticia.com.br\/noticia\/wp-json\/wp\/v2\/categories?post=2737"},{"taxonomy":"post_tag","embeddable":true,"href":"https:\/\/migracao.redenoticia.com.br\/noticia\/wp-json\/wp\/v2\/tags?post=2737"}],"curies":[{"name":"wp","href":"https:\/\/api.w.org\/{rel}","templated":true}]}}