{"id":2751,"date":"2009-06-11T22:34:13","date_gmt":"2009-06-12T02:34:13","guid":{"rendered":"http:\/\/www.redenoticia.com.br\/noticia\/?p=2751"},"modified":"2009-06-12T19:59:00","modified_gmt":"2009-06-12T23:59:00","slug":"domingo-total-na-escola-lauro-benno-em-ji-parana","status":"publish","type":"post","link":"https:\/\/migracao.redenoticia.com.br\/noticia\/2009\/domingo-total-na-escola-lauro-benno-em-ji-parana\/2751","title":{"rendered":"Domingo Total na escola Lauro Benno em Ji-Paran\u00e1"},"content":{"rendered":"<p class=\"MsoNormal\"><span class=\"style151\"><span style=\"font-size: 11pt; font-family: Arial;\">No dia 14 de junho recome\u00e7a a presta\u00e7\u00e3o de servi\u00e7os aos domingos nas escolas dos bairros de Ji-Paran\u00e1. <\/span><\/span><\/p>\n<p class=\"MsoNormal\"><span class=\"style151\"><span style=\"font-size: 11pt; font-family: Arial;\">No evento ser\u00e1 poss\u00edvel tirar o RG, desde que o interessado leve foto 3&#215;4. Tamb\u00e9m haver\u00e1 o atendimento para registro de nascimento, t\u00edtulo de eleitor, CPF, orienta\u00e7\u00e3o jur\u00eddica e sobre programas federais como o Minha Casa Minha Vida, Bolsa Fam\u00edlia, PETI, Pr\u00f3 Jovem e Conselho Tutelar.<\/span><\/span><\/p>\n<p class=\"MsoNormal\"><span class=\"style151\"><span style=\"font-size: 11pt; font-family: Arial;\">Na \u00e1rea m\u00e9dica ser\u00e3o disponibilizadas vacinas, exames de rotina e avalia\u00e7\u00e3o bucal.<\/span><\/span><\/p>\n<p class=\"MsoNormal\"><span class=\"style151\"><span style=\"font-size: 11pt; font-family: Arial;\">O Domingo Total ser\u00e1 na escola Lauro Benno, bairro Santiago, das 08h00 \u00e0s 12h00 e a programa\u00e7\u00e3o \u00e9 a seguinte:<\/span><\/span><\/p>\n<p class=\"MsoNormal\"><span class=\"style151\"><span style=\"font-size: 11pt; font-family: Arial;\"><span style=\"font-family: Arial; font-size: small;\"><strong>SHOPPING CIDAD\u00c3O:<\/strong><\/span><\/p>\n<p><span style=\"font-family: Arial; font-size: small;\"><strong>Cart\u00f3rio<\/strong> \u2013 emiss\u00e3o de certid\u00e3o de nascimento.<\/span><\/p>\n<p><span style=\"font-family: Arial; font-size: small;\"><strong>Defensoria P\u00fablica \u2013 <\/strong>atendimento ao p\u00fablico e orienta\u00e7\u00e3o jur\u00eddica.<\/span><\/p>\n<p><span style=\"font-family: Arial; font-size: small;\"><strong>Seapes<\/strong> \u2013 emiss\u00e3o de carteira de trabalho \u2013 CTPS.<\/span><\/p>\n<p><span style=\"font-family: Arial; font-size: small;\"><strong>Fotoc\u00f3pias &#8211; <\/strong>para documentos.<\/span><\/p>\n<p><span style=\"font-family: Arial; font-size: small;\"><strong>ICC &#8211; <\/strong>emiss\u00e3o de carteira de identidade \u2013\u00a0<strong>50<\/strong> UNIDADES &#8211;\u00a0<strong>(16 anos completos).<\/strong><\/span><\/p>\n<p><span style=\"font-family: Arial; font-size: small;\"><strong>CPF- <\/strong>emiss\u00e3o de CPF \u2013\u00a0<strong>30<\/strong> UNIDADES.<\/span><\/p>\n<p><span style=\"font-family: Arial; font-size: small;\"><strong>CART\u00d3RIO ELEITORAL: <\/strong>Emiss\u00e3o de T\u00edtulos.<\/span><\/p>\n<p><span style=\"font-family: Arial; color: #000080; font-size: small;\"><strong>ATEN\u00c7\u00c3O: \u00c9 necess\u00e1rio levar \u201cFOTO\u201d caso for fazer carteira de identidade ou carteira de trabalho.<\/strong><\/span><\/p>\n<p><span style=\"font-family: Arial; font-size: small;\"><strong>SECRETARIA MUN\u00cdCIPAL DE ASSIST\u00caNCIA SOCIAL:<\/strong><\/span><\/p>\n<p><span style=\"font-family: Arial; font-size: small;\"><strong>Informa\u00e7\u00f5es<\/strong> sobre o programa de habita\u00e7\u00e3o: \u201dMINHA CASA, MINHA VIDA\u201d.<\/span><\/p>\n<p><span style=\"font-family: Arial; font-size: small;\"><strong>Divulga\u00e7\u00e3o e Informa\u00e7\u00f5es do<\/strong>: Programa de Enfrentamento e Combate \u00e0 Explora\u00e7\u00e3o Sexual.<\/span><\/p>\n<p><span style=\"font-family: Arial; font-size: small;\"><strong>Projeto Roda Moinho<\/strong> \u2013 informa\u00e7\u00f5es sobre o programa.<\/span><\/p>\n<p><span style=\"font-family: Arial; font-size: small;\"><strong>BPC\/ LOAS<\/strong> \u2013 cadastramento para Beneficio de Presta\u00e7\u00e3o Continuada e informa\u00e7\u00f5es sobre a \u201ccarteirinha do idoso interestadual\u201d.<\/span><\/p>\n<p><span style=\"font-family: Arial; font-size: small;\"><strong>Programa Bolsa fam\u00edlia<\/strong> \u2013 Informa\u00e7\u00f5es sobre o programa e novos cadastros.<\/span><\/p>\n<p><span style=\"font-family: Arial; font-size: small;\"><strong>Programa PETI<\/strong> \u2013 Informa\u00e7\u00f5es sobre o programa e cadastramento.<\/span><\/p>\n<p><span style=\"font-family: Arial; font-size: small;\"><strong>Programa Pro \u2013 Jovem Adolescente-<\/strong> informa\u00e7\u00f5es e cadastramento.<\/span><\/p>\n<p><span style=\"font-family: Arial; font-size: small;\"><strong>Conselho Tutelar<\/strong> \u2013 Atendimento e informa\u00e7\u00f5es gerais para a comunidade.<\/span><\/p>\n<p><span style=\"font-family: Arial; font-size: small;\"><strong>SECRETARIA MUN\u00cdCIPAL DE SA\u00daDE:<\/strong><\/span><\/p>\n<p><span style=\"font-family: Arial; font-size: small;\">Vacinas \u2013 Adulto: Febre amarela, hepatite B e difteria.<\/span><\/p>\n<p><span style=\"font-family: Arial; font-size: small;\">Emiss\u00e3o de Carteira do SUS.<\/span><\/p>\n<p><span style=\"font-family: Arial; font-size: small;\">Medi\u00e7\u00e3o de Press\u00e3o Arterial.<\/span><\/p>\n<p><span style=\"font-family: Arial; font-size: small;\">Exame de Glicose (08 as 10 horas)<\/span><\/p>\n<p><span style=\"font-family: Arial; font-size: small;\">Sa\u00fade bucal \u2013 dentista.<\/span><\/p>\n<p><span style=\"font-family: Arial; font-size: small;\">Atendimento Cl\u00ednico \u2013 M\u00e9dico.<\/span><\/p>\n<p><span style=\"font-family: Arial; font-size: small;\">Distribui\u00e7\u00e3o de hipoclorito para po\u00e7os e caixas d\u2019\u00e1gua.<\/span><\/p>\n<p><span style=\"font-family: Arial; font-size: small;\"><strong>SECRETARIA MUN\u00cdCIPAL DE EDUCA\u00c7\u00c3O:<\/strong><\/span><\/p>\n<p><span style=\"font-family: Arial; font-size: small;\">Sala especial para crian\u00e7as com Literatura Infantil.<\/span><\/p>\n<p><span style=\"font-family: Arial; font-size: small;\">Laborat\u00f3rio de inform\u00e1tica para as crian\u00e7as e jogos pedag\u00f3gicos.<\/span><\/p>\n<p><span style=\"font-family: Arial; font-size: small;\"><strong>SECRETARIA MUN\u00cdCIPAL DE ESPORTE<\/strong><\/span><\/p>\n<p><span style=\"font-family: Arial; font-size: small;\">Recrea\u00e7\u00e3o e Jogos<\/span><\/p>\n<p><span style=\"font-family: Arial; font-size: small;\">Apresenta\u00e7\u00e3o do Grupo de Capoeira Adaga, do mestre Irineu.<\/span><\/p>\n<p><span style=\"font-family: Arial; font-size: small;\"><strong>SECRETARIA MUN\u00cdCIPAL DE AGRICULTURA:<\/strong><\/span><\/p>\n<p><span style=\"font-family: Arial; font-size: small;\">Distribui\u00e7\u00e3o gratuita de mudas de flores e frutas, al\u00e9m de orienta\u00e7\u00e3o sobre o plantio. <\/span><\/p>\n<p><span style=\"font-family: Arial; font-size: small;\"><strong>SECRETARIA MUN\u00cdCIPAL DE FAZENDA:<\/strong> <strong>DRF<\/strong><\/span><\/p>\n<p><span style=\"font-family: Arial; font-size: small;\">Regulariza\u00e7\u00e3o Fundi\u00e1ria;<\/span><\/p>\n<p><span style=\"font-family: Arial; font-size: small;\">Informa\u00e7\u00f5es sobre IPTU.<\/span><\/p>\n<p><\/span><\/span><\/p>\n<p class=\"MsoNormal\"><cite><span style=\"font-size: 11pt; font-family: Arial; font-style: normal;\"> <\/span><\/cite><\/p>\n","protected":false},"excerpt":{"rendered":"<p>No dia 14 de junho recome\u00e7a a presta\u00e7\u00e3o de servi\u00e7os aos domingos nas escolas dos bairros de Ji-Paran\u00e1. No evento ser\u00e1 poss\u00edvel tirar o RG, desde que o interessado leve foto 3&#215;4. Tamb\u00e9m haver\u00e1 o atendimento para registro de nascimento, t\u00edtulo de eleitor, CPF, orienta\u00e7\u00e3o jur\u00eddica e sobre programas federais como o Minha Casa Minha [&hellip;]<\/p>\n","protected":false},"author":3,"featured_media":0,"comment_status":"open","ping_status":"open","sticky":false,"template":"","format":"standard","meta":{"tdm_status":"","tdm_grid_status":"","footnotes":""},"categories":[5],"tags":[],"class_list":{"0":"post-2751","1":"post","2":"type-post","3":"status-publish","4":"format-standard","6":"category-saude-e-vida"},"_links":{"self":[{"href":"https:\/\/migracao.redenoticia.com.br\/noticia\/wp-json\/wp\/v2\/posts\/2751","targetHints":{"allow":["GET"]}}],"collection":[{"href":"https:\/\/migracao.redenoticia.com.br\/noticia\/wp-json\/wp\/v2\/posts"}],"about":[{"href":"https:\/\/migracao.redenoticia.com.br\/noticia\/wp-json\/wp\/v2\/types\/post"}],"author":[{"embeddable":true,"href":"https:\/\/migracao.redenoticia.com.br\/noticia\/wp-json\/wp\/v2\/users\/3"}],"replies":[{"embeddable":true,"href":"https:\/\/migracao.redenoticia.com.br\/noticia\/wp-json\/wp\/v2\/comments?post=2751"}],"version-history":[{"count":0,"href":"https:\/\/migracao.redenoticia.com.br\/noticia\/wp-json\/wp\/v2\/posts\/2751\/revisions"}],"wp:attachment":[{"href":"https:\/\/migracao.redenoticia.com.br\/noticia\/wp-json\/wp\/v2\/media?parent=2751"}],"wp:term":[{"taxonomy":"category","embeddable":true,"href":"https:\/\/migracao.redenoticia.com.br\/noticia\/wp-json\/wp\/v2\/categories?post=2751"},{"taxonomy":"post_tag","embeddable":true,"href":"https:\/\/migracao.redenoticia.com.br\/noticia\/wp-json\/wp\/v2\/tags?post=2751"}],"curies":[{"name":"wp","href":"https:\/\/api.w.org\/{rel}","templated":true}]}}