{"id":2753,"date":"2009-06-11T22:38:14","date_gmt":"2009-06-12T02:38:14","guid":{"rendered":"http:\/\/www.redenoticia.com.br\/noticia\/?p=2753"},"modified":"2009-06-13T19:41:35","modified_gmt":"2009-06-13T23:41:35","slug":"hemocentros-de-rondonia-estarao-recebendo-doacoes-neste-sabado","status":"publish","type":"post","link":"https:\/\/migracao.redenoticia.com.br\/noticia\/2009\/hemocentros-de-rondonia-estarao-recebendo-doacoes-neste-sabado\/2753","title":{"rendered":"Hemocentros de Rond\u00f4nia estar\u00e3o recebendo doa\u00e7\u00f5es neste s\u00e1bado"},"content":{"rendered":"<p class=\"MsoNormal\"><span class=\"style151\"><span style=\"font-size: 11pt; font-family: Arial;\">Domingo (14) \u00e9 o Dia Mundial do Doador de Sangue Volunt\u00e1rio. Para comemorar a data, os bancos de sangue de Rond\u00f4nia v\u00e3o atender neste s\u00e1bado (13) e coletar doa\u00e7\u00f5es, tanto de novos volunt\u00e1rios como de todos que j\u00e1 s\u00e3o registrados.<\/span><\/span><\/p>\n<p class=\"MsoNormal\"><span class=\"style151\"><span style=\"font-size: 11pt; font-family: Arial;\">No Hemocentro de Ji-Paran\u00e1, o evento come\u00e7a \u00e0 partir das 8 horas e o lanche para os doadores ser\u00e1 especial.<\/span><\/span><span style=\"font-size: 11pt; font-family: Arial;\"><\/p>\n<p><span class=\"style151\"><span style=\"font-family: Arial;\">O Hemocentro de Ji-Paran\u00e1 atende 13 munic\u00edpios, com 19.000 doadores cadastrados, mas apenas 900 s\u00e3o constantes. Este n\u00famero de doadores fixos est\u00e1 abaixo da meta estabelecida pelo Minist\u00e9rio da Sa\u00fade, 3% da popula\u00e7\u00e3o. <\/span><\/span><\/span><\/p>\n<p class=\"MsoNormal\"><span class=\"style151\"><span style=\"font-size: 11pt; font-family: Arial;\">Os doadores recebem diversos benef\u00edcios, inclusive isen\u00e7\u00f5es em taxas de concursos e exames gratuitos.<\/span><\/span><\/p>\n","protected":false},"excerpt":{"rendered":"<p>Domingo (14) \u00e9 o Dia Mundial do Doador de Sangue Volunt\u00e1rio. Para comemorar a data, os bancos de sangue de Rond\u00f4nia v\u00e3o atender neste s\u00e1bado (13) e coletar doa\u00e7\u00f5es, tanto de novos volunt\u00e1rios como de todos que j\u00e1 s\u00e3o registrados. No Hemocentro de Ji-Paran\u00e1, o evento come\u00e7a \u00e0 partir das 8 horas e o lanche [&hellip;]<\/p>\n","protected":false},"author":3,"featured_media":0,"comment_status":"open","ping_status":"open","sticky":false,"template":"","format":"standard","meta":{"tdm_status":"","tdm_grid_status":"","footnotes":""},"categories":[5],"tags":[],"class_list":{"0":"post-2753","1":"post","2":"type-post","3":"status-publish","4":"format-standard","6":"category-saude-e-vida"},"_links":{"self":[{"href":"https:\/\/migracao.redenoticia.com.br\/noticia\/wp-json\/wp\/v2\/posts\/2753","targetHints":{"allow":["GET"]}}],"collection":[{"href":"https:\/\/migracao.redenoticia.com.br\/noticia\/wp-json\/wp\/v2\/posts"}],"about":[{"href":"https:\/\/migracao.redenoticia.com.br\/noticia\/wp-json\/wp\/v2\/types\/post"}],"author":[{"embeddable":true,"href":"https:\/\/migracao.redenoticia.com.br\/noticia\/wp-json\/wp\/v2\/users\/3"}],"replies":[{"embeddable":true,"href":"https:\/\/migracao.redenoticia.com.br\/noticia\/wp-json\/wp\/v2\/comments?post=2753"}],"version-history":[{"count":0,"href":"https:\/\/migracao.redenoticia.com.br\/noticia\/wp-json\/wp\/v2\/posts\/2753\/revisions"}],"wp:attachment":[{"href":"https:\/\/migracao.redenoticia.com.br\/noticia\/wp-json\/wp\/v2\/media?parent=2753"}],"wp:term":[{"taxonomy":"category","embeddable":true,"href":"https:\/\/migracao.redenoticia.com.br\/noticia\/wp-json\/wp\/v2\/categories?post=2753"},{"taxonomy":"post_tag","embeddable":true,"href":"https:\/\/migracao.redenoticia.com.br\/noticia\/wp-json\/wp\/v2\/tags?post=2753"}],"curies":[{"name":"wp","href":"https:\/\/api.w.org\/{rel}","templated":true}]}}