{"id":27698,"date":"2010-05-14T17:13:06","date_gmt":"2010-05-14T21:13:06","guid":{"rendered":"http:\/\/www.redenoticia.com.br\/noticia\/?p=27698"},"modified":"2010-05-14T20:50:54","modified_gmt":"2010-05-15T00:50:54","slug":"eliana-%e2%80%93-o-pagodeiro-vava-vai-participar-de-%e2%80%9cos-opostos-se-atraem%e2%80%9d","status":"publish","type":"post","link":"https:\/\/migracao.redenoticia.com.br\/noticia\/2010\/eliana-%e2%80%93-o-pagodeiro-vava-vai-participar-de-%e2%80%9cos-opostos-se-atraem%e2%80%9d\/27698","title":{"rendered":"Eliana \u2013 o pagodeiro Vav\u00e1 vai participar de \u201cOs Opostos se Atraem\u201d"},"content":{"rendered":"<p><strong><em><img loading=\"lazy\" decoding=\"async\" class=\"alignleft size-full wp-image-27699\" title=\"vava os opostos se atraem eliana sbt\" src=\"https:\/\/migracao.redenoticia.com.br\/noticia\/imagens\/vava-os-opostos-se-atraem-eliana-sbt.jpg\" alt=\"\" width=\"300\" height=\"193\" srcset=\"https:\/\/migracao.redenoticia.com.br\/noticia\/imagens\/vava-os-opostos-se-atraem-eliana-sbt.jpg 300w, https:\/\/migracao.redenoticia.com.br\/noticia\/imagens\/vava-os-opostos-se-atraem-eliana-sbt-250x160.jpg 250w, https:\/\/migracao.redenoticia.com.br\/noticia\/imagens\/vava-os-opostos-se-atraem-eliana-sbt-150x96.jpg 150w\" sizes=\"auto, (max-width: 300px) 100vw, 300px\" \/>SBT Eliana<\/em><\/strong> \u2013 depois de eleito o pagodeiro mais bonito do Brasil em uma pesquisa na internet, <strong><em>Vav\u00e1<\/em><\/strong> confirmou nesta semana que ser\u00e1 um dos participantes da pr\u00f3xima edi\u00e7\u00e3o do quadro &#8220;<strong><em>Os Opostos se Atraem<\/em><\/strong>&#8220;, apresentado pela Eliana no SBT, previsto para iniciar no m\u00eas de maio. O game-reality \u201cOs opostos se atraem\u201d j\u00e1 \u00e9 considerado um dos quadros de maior sucesso do programa Eliana.<\/p>\n<p>No quadro \u201cOs opostos se atraem\u201d os famosos convidados pela produ\u00e7\u00e3o formam duplas com an\u00f4nimos que apresentam atitudes opostas. Durante a competi\u00e7\u00e3o os participantes v\u00e3o receber desafios no palco e ter\u00e3o de treinar o entrosamento durante toda a semana. Durante a exibi\u00e7\u00e3o do quadro a torcida pode se manifestar ao votar na dupla preferida. Os competidores que tiverem mais votos do p\u00fablico recebem um b\u00f4nus de 150 pontos que, somados aos pontos obtidos na execu\u00e7\u00e3o das provas, pode definir os vencedores. Ap\u00f3s um m\u00eas de conviv\u00eancia, ganha a dupla com maior pontua\u00e7\u00e3o e que estiver mais integrada e afinada. Os vencedores dividem um pr\u00eamio de 20 mil reais.<\/p>\n<p>Agora \u00e9 aguardar para conferir a atua\u00e7\u00e3o do pagodeiro Vav\u00e1 e conhecer quem ser\u00e3o os seus advers\u00e1rios e o seu oposto.<\/p>\n<p>Deixe seu coment\u00e1rio.<\/p>\n","protected":false},"excerpt":{"rendered":"<p>SBT Eliana \u2013 depois de eleito o pagodeiro mais bonito do Brasil em uma pesquisa na internet, Vav\u00e1 confirmou nesta semana que ser\u00e1 um dos participantes da pr\u00f3xima edi\u00e7\u00e3o do quadro &#8220;Os Opostos se Atraem&#8220;, apresentado pela Eliana no SBT, previsto para iniciar no m\u00eas de maio. O game-reality \u201cOs opostos se atraem\u201d j\u00e1 \u00e9 [&hellip;]<\/p>\n","protected":false},"author":3,"featured_media":27699,"comment_status":"open","ping_status":"open","sticky":false,"template":"","format":"standard","meta":{"tdm_status":"","tdm_grid_status":"","footnotes":""},"categories":[22,372,343],"tags":[],"class_list":{"0":"post-27698","1":"post","2":"type-post","3":"status-publish","4":"format-standard","5":"has-post-thumbnail","7":"category-brasil","8":"category-sbt","9":"category-televisao"},"_links":{"self":[{"href":"https:\/\/migracao.redenoticia.com.br\/noticia\/wp-json\/wp\/v2\/posts\/27698","targetHints":{"allow":["GET"]}}],"collection":[{"href":"https:\/\/migracao.redenoticia.com.br\/noticia\/wp-json\/wp\/v2\/posts"}],"about":[{"href":"https:\/\/migracao.redenoticia.com.br\/noticia\/wp-json\/wp\/v2\/types\/post"}],"author":[{"embeddable":true,"href":"https:\/\/migracao.redenoticia.com.br\/noticia\/wp-json\/wp\/v2\/users\/3"}],"replies":[{"embeddable":true,"href":"https:\/\/migracao.redenoticia.com.br\/noticia\/wp-json\/wp\/v2\/comments?post=27698"}],"version-history":[{"count":0,"href":"https:\/\/migracao.redenoticia.com.br\/noticia\/wp-json\/wp\/v2\/posts\/27698\/revisions"}],"wp:featuredmedia":[{"embeddable":true,"href":"https:\/\/migracao.redenoticia.com.br\/noticia\/wp-json\/wp\/v2\/media\/27699"}],"wp:attachment":[{"href":"https:\/\/migracao.redenoticia.com.br\/noticia\/wp-json\/wp\/v2\/media?parent=27698"}],"wp:term":[{"taxonomy":"category","embeddable":true,"href":"https:\/\/migracao.redenoticia.com.br\/noticia\/wp-json\/wp\/v2\/categories?post=27698"},{"taxonomy":"post_tag","embeddable":true,"href":"https:\/\/migracao.redenoticia.com.br\/noticia\/wp-json\/wp\/v2\/tags?post=27698"}],"curies":[{"name":"wp","href":"https:\/\/api.w.org\/{rel}","templated":true}]}}